{"id":137814,"date":"2025-05-29T22:16:10","date_gmt":"2025-05-29T22:16:10","guid":{"rendered":"https:\/\/www.europesays.com\/fr\/137814\/"},"modified":"2025-05-29T22:16:10","modified_gmt":"2025-05-29T22:16:10","slug":"fin-de-race-mathieu-kassovitz-prend-de-nouveau-la-parole-retropedalage-de-lacteur","status":"publish","type":"post","link":"https:\/\/www.europesays.com\/fr\/137814\/","title":{"rendered":"\u00ab\u00a0Fin de race\u00a0\u00bb, Mathieu Kassovitz prend de nouveau la parole\u00a0: r\u00e9trop\u00e9dalage de l\u2019acteur"},"content":{"rendered":"<p>\u00ab\u00a0<strong>Il vaut mieux tourner sept fois sa langue dans sa bouche avant de parler<\/strong>\u00ab\u00a0\u2026 Voil\u00e0 une expression que Mathieu Kassovitz n&rsquo;est pas pr\u00eat d&rsquo;oublier. En effet, son passage au 78e Festival de Cannes a <strong>laiss\u00e9 des traces<\/strong>. En effet, apr\u00e8s avoir pris la pose tout sourire sur le tapis rouge \u00e0 l&rsquo;occasion de la projection du dernier film de Spike Lee, Highest 2 Lowest, <strong>l&rsquo;exaltation est vite retomb\u00e9e<\/strong> pour <a href=\"https:\/\/www.public.fr\/les-francais-de-souches-des-fins-de-race-mathieu-kassovitz-une-star-de-lantenne-appelle-a-lui-couper-les-vivres\" target=\"_blank\" rel=\"noopener\">le cin\u00e9aste de 57 ans<\/a>. Il faut dire que <strong>sa prise de parole<\/strong> en marge de cet \u00e9v\u00e9nement mondial a <strong>suscit\u00e9 des remous<\/strong>.<\/p>\n<p>Alors que le 7e art \u00e9tait \u00e0 l&rsquo;honneur, <a href=\"https:\/\/www.public.fr\/je-ne-connais-pas-trop-la-serie-je-ne-lai-jamais-vu-mathieu-kassovitz-et-sa-confidence-destabilisante-sur-le-bureau-des-legendes\" target=\"_blank\" rel=\"noopener\">le r\u00e9alisateur de La Haine<\/a> a, d&rsquo;abord, d\u00e9clar\u00e9 qu&rsquo;il y avait un <strong>\u201cprobl\u00e8me de racisme\u201d en France<\/strong>. Invit\u00e9 par la suite sur le plateau de LCI, ce dernier a enfonc\u00e9 le clou\u00a0: \u201cJe pense qu\u2019il n\u2019y a <strong>plus de Fran\u00e7ais de souche<\/strong>, enfin si, cela s\u2019appelle des fins de race, ils vont se m\u00e9langer avec les autres\u201d. R\u00e9sultat\u00a0: tr\u00e8s vite, de nombreux internautes ont r\u00e9agi sur les r\u00e9seaux sociaux suivis de pr\u00e8s par <strong>quelques personnalit\u00e9s.<\/strong><\/p>\n<p>C&rsquo;est le cas, par exemple, de <strong><a href=\"https:\/\/www.public.fr\/expliquer-a-ma-fille-metisse-quelle-est-superieure-patrick-sebastien-atomise-mathieu-kassovitz-en-plateau\" target=\"_blank\" rel=\"noopener\">Patrick S\u00e9bastien<\/a><\/strong>. Invit\u00e9 de CNews \u00e0 cette occasion, <a href=\"https:\/\/www.public.fr\/ca-memmerde-patrick-sebastien-sans-filtre-sur-son-ami-cyril-hanouna\" target=\"_blank\" rel=\"noopener\">l&rsquo;interpr\u00e8te du Petit bonhomme en mousse<\/a> n&rsquo;a pas \u00e9t\u00e9 tendre avec Mathieu Kassovitz\u00a0: \u00ab\u00a0Moi j&rsquo;ai trois enfants. Il y en a deux qui sont blancs et <strong>ma fille qui est m\u00e9tisse<\/strong>. Je me vois mal expliquer \u00e0 deux de mes enfants\u00a0: &lsquo;<strong>Vous \u00eates des fins de race&rsquo; <\/strong>et expliquer \u00e0 l&rsquo;autre\u00a0: &lsquo;Non non, <strong>tu es sup\u00e9rieure&rsquo;.<\/strong> <strong>\u00c7a ne tient pas debout<\/strong>\u00ab\u00a0. Du coup, afin de faire retomber la pression, <strong><a href=\"https:\/\/www.public.fr\/la-pollution-est-une-vue-de-lesprit-mathieu-kassovitz-ses-propos-sur-la-pollution-lui-valent-detre-dans-le-viseur-de-larcom\" target=\"_blank\" rel=\"noopener\">le com\u00e9dien <\/a>a d\u00e9cid\u00e9 de prendre la parole.<\/strong><\/p>\n<blockquote class=\"instagram-media\" data-instgrm-captioned=\"\" data-instgrm-permalink=\"https:\/\/www.instagram.com\/reel\/DKNS_xeNmwu\/?utm_source=ig_embed&amp;utm_campaign=loading\" data-instgrm-version=\"14\" style=\"background:#FFF;border:0;border-radius:3px;margin: 1px;max-width:540px;min-width:326px;padding:0;width:99.375%;width:-webkit-calc(100% - 2px);width:calc(100% - 2px)\"\/>\n<p>Mathieu Kassovitz\u00a0: l&rsquo;acteur et r\u00e9alisateur pr\u00e9sente ses excuses<\/p>\n<p>C&rsquo;est sur Instagram que <a href=\"https:\/\/www.google.com\/url?sa=t&amp;source=web&amp;rct=j&amp;opi=89978449&amp;url=https:\/\/vsd.fr\/61001-je-suis-consommateur-de-cannabis-depuis-que-jai-25-ans-mathieu-kassovitz-cash-sur-lune-de-ses-dependances\/&amp;ved=2ahUKEwi5t4Wzn8mNAxXjTKQEHeAqM2oQFnoECDAQAQ&amp;usg=AOvVaw30qWD1QUgxhxnDLHmV68pK\" target=\"_blank\" rel=\"noopener\">le p\u00e8re de trois enfants<\/a> a d\u00e9cid\u00e9 de s&rsquo;exprimer face cam\u00e9ra ce 28\u00a0mai. \u00ab\u00a0Fran\u00e7ais, Fran\u00e7aises, laissez-moi m&rsquo;introduire dans vos vies pendant deux minutes pour <strong>lever un sujet qui apparemment fait pol\u00e9mique <\/strong>suite \u00e0 une interview plut\u00f4t joyeuse donn\u00e9e sur LCI\u00a0\u00bb commence-t-il par lancer. <strong>Une interview \u00ab\u00a0qui a \u00e9t\u00e9 \u00e9videmment tronqu\u00e9e<\/strong> et qui se retrouve sur les r\u00e9seaux sociaux et qui devient \u00e9videmment insultante pour pleins de gens\u00a0\u00bb, d\u00e9plore <a href=\"https:\/\/www.google.com\/url?sa=t&amp;source=web&amp;rct=j&amp;opi=89978449&amp;url=https:\/\/vsd.fr\/61001-je-suis-consommateur-de-cannabis-depuis-que-jai-25-ans-mathieu-kassovitz-cash-sur-lune-de-ses-dependances\/&amp;ved=2ahUKEwi5t4Wzn8mNAxXjTKQEHeAqM2oQFnoECDAQAQ&amp;usg=AOvVaw30qWD1QUgxhxnDLHmV68pK\" target=\"_blank\" rel=\"noopener\">l&rsquo;ex de Julie Mauduech<\/a>. Du coup, ce dernier \u00ab\u00a0<strong>s&rsquo;en excuse<\/strong>\u00ab\u00a0.<\/p>\n<p>Ensuite, apr\u00e8s avoir<strong> list\u00e9 l&rsquo;int\u00e9gralit\u00e9 des membres de sa famille<\/strong> afin de justifier qu&rsquo;il est <strong>bien \u00ab\u00a0Fran\u00e7ais de souche\u00a0\u00bb<\/strong>, Mathieu Kassovitz <strong>assure \u00ab\u00a0respecter tous les Fran\u00e7ais <\/strong>qui soient de souche ou immigr\u00e9s, qu&rsquo;ils soient m\u00e9tiss\u00e9s, qu&rsquo;ils soient import\u00e9s ou l\u00e0 depuis longtemps\u00a0\u00bb. Toutefois, pour conclure, <a href=\"https:\/\/www.google.com\/url?sa=t&amp;source=web&amp;rct=j&amp;opi=89978449&amp;url=https:\/\/vsd.fr\/69821-il-ma-appele-apres-mon-accident-mathieu-kassovitz-evoque-sa-relation-actuelle-avec-vincent-cassel-apres-des-annees-de-brouille\/&amp;ved=2ahUKEwi5t4Wzn8mNAxXjTKQEHeAqM2oQFnoECCQQAQ&amp;usg=AOvVaw0Qy3srKZ6WcOv0CBfF0ncE\" target=\"_blank\" rel=\"noopener\">ce dernier<\/a> a r\u00e9it\u00e9r\u00e9\u00a0: \u00ab\u00a0<strong>Techniquement, oui, le Fran\u00e7ais de souche va bient\u00f4t s&rsquo;\u00e9teindre<\/strong> puisqu&rsquo;il va se m\u00e9langer avec des \u00e9trangers\u00a0\u00bb. Parviendra-t-il \u00e0 convaincre\u00a0? Les commentaires sont majoritairement positifs.<\/p>\n<p>      Mentionn\u00e9s dans cet article<\/p>\n<p>\u00c0 lire aussi<\/p>\n<p><script async src=\"\/\/www.instagram.com\/embed.js\"><\/script><\/p>\n","protected":false},"excerpt":{"rendered":"\u00ab\u00a0Il vaut mieux tourner sept fois sa langue dans sa bouche avant de parler\u00ab\u00a0\u2026 Voil\u00e0 une expression que&hellip;\n","protected":false},"author":2,"featured_media":137815,"comment_status":"","ping_status":"","sticky":false,"template":"","format":"standard","meta":{"footnotes":""},"categories":[1359],"tags":[253,58,59,1011,3844,27,2440,23735,973,1062,4233],"class_list":{"0":"post-137814","1":"post","2":"type-post","3":"status-publish","4":"format-standard","5":"has-post-thumbnail","7":"category-people","8":"tag-acteur","9":"tag-divertissement","10":"tag-entertainment","11":"tag-fr","12":"tag-francais","13":"tag-france","14":"tag-instagram","15":"tag-mathieu-kassovitz","16":"tag-people","17":"tag-polemique","18":"tag-realisateur"},"share_on_mastodon":{"url":"https:\/\/pubeurope.com\/@fr\/114593437035949582","error":""},"_links":{"self":[{"href":"https:\/\/www.europesays.com\/fr\/wp-json\/wp\/v2\/posts\/137814","targetHints":{"allow":["GET"]}}],"collection":[{"href":"https:\/\/www.europesays.com\/fr\/wp-json\/wp\/v2\/posts"}],"about":[{"href":"https:\/\/www.europesays.com\/fr\/wp-json\/wp\/v2\/types\/post"}],"author":[{"embeddable":true,"href":"https:\/\/www.europesays.com\/fr\/wp-json\/wp\/v2\/users\/2"}],"replies":[{"embeddable":true,"href":"https:\/\/www.europesays.com\/fr\/wp-json\/wp\/v2\/comments?post=137814"}],"version-history":[{"count":0,"href":"https:\/\/www.europesays.com\/fr\/wp-json\/wp\/v2\/posts\/137814\/revisions"}],"wp:featuredmedia":[{"embeddable":true,"href":"https:\/\/www.europesays.com\/fr\/wp-json\/wp\/v2\/media\/137815"}],"wp:attachment":[{"href":"https:\/\/www.europesays.com\/fr\/wp-json\/wp\/v2\/media?parent=137814"}],"wp:term":[{"taxonomy":"category","embeddable":true,"href":"https:\/\/www.europesays.com\/fr\/wp-json\/wp\/v2\/categories?post=137814"},{"taxonomy":"post_tag","embeddable":true,"href":"https:\/\/www.europesays.com\/fr\/wp-json\/wp\/v2\/tags?post=137814"}],"curies":[{"name":"wp","href":"https:\/\/api.w.org\/{rel}","templated":true}]}}