{"id":137820,"date":"2025-05-29T22:19:14","date_gmt":"2025-05-29T22:19:14","guid":{"rendered":"https:\/\/www.europesays.com\/fr\/137820\/"},"modified":"2025-05-29T22:19:14","modified_gmt":"2025-05-29T22:19:14","slug":"le-meurtrier-de-rebecca-est-arrete-iris-vit-dans-la-peur-le-resume-de-lepisode-1653-du-vendredi-30-mai-2025","status":"publish","type":"post","link":"https:\/\/www.europesays.com\/fr\/137820\/","title":{"rendered":"Le meurtrier de Rebecca est arr\u00eat\u00e9, Iris vit dans la peur&#8230; Le r\u00e9sum\u00e9 de l&rsquo;\u00e9pisode 1653 du vendredi 30 mai 2025"},"content":{"rendered":"<p>Dans Un si grand soleil vendredi 30 mai 2025 sur France 3, gr\u00e2ce \u00e0 l&rsquo;aide d&rsquo;Eliott, la police parvient \u00e0 mettre la main sur le meurtrier de Rebecca. Florent et C\u00e9cile envisagent l&rsquo;id\u00e9e d&rsquo;acheter un appartement ensemble. Iris se sent de plus en plus menac\u00e9e par son ex-mari.<\/p>\n<p>Vendredi 30 mai 2025 dans <b>Un si grand soleil<\/b>, dont deux anciennes <a href=\"https:\/\/www.programme-tv.net\/news\/people\/379196-un-si-grand-soleil-deux-acteurs-emblematiques-de-la-serie-officialisent-leur-couple\/\" data-api-deeplink=\"teleloisirs:\/\/news\/379196\" target=\"_blank\" rel=\"noopener\">stars ont officialis\u00e9 leur idylle<\/a>&#8230; La police met enfin la main sur Dumont, le fournisseur de st\u00e9ro\u00efdes li\u00e9 \u00e0 la mort de Rebecca, tandis qu\u2019Eliott cache une part sombre de son op\u00e9ration. Iris, quant \u00e0 elle, vit sous pression, convaincue que Fabrice continue de la traquer.<\/p>\n<p>Un si grand soleil en avance : La police parvient \u00e0 arr\u00eater le meurtrier de Rebecca<\/p>\n<p><a href=\"https:\/\/www.programme-tv.net\/news\/series-tv\/378883-un-si-grand-soleil-evidemment-eve-est-triste-mais-emma-colberti-reagit-a-la-mort-de-rebecca\/\" data-api-deeplink=\"teleloisirs:\/\/news\/378883\" target=\"_blank\" rel=\"noopener\">Eve, attrist\u00e9e du d\u00e9c\u00e8s de Rebecca<\/a>, donne rendez-vous au parc \u00e0 Manu qui est surpris d&rsquo;y voir aussi Eliott qui lui annonce qu&rsquo;il a retrouv\u00e9 le fournisseur historique de Rebecca. Ce dernier n&rsquo;est autre que Dumont. Manu pr\u00e9vient Yann qui interpelle Dumont en possession de st\u00e9ro\u00efdes. Lors d&rsquo;une perquisition, la police d\u00e9couvre un v\u00e9ritable laboratoire clandestin. Malgr\u00e9 le d\u00e9ni de Dumont, son ADN est retrouv\u00e9 sur le corps de Rebecca, ce qui confirme son implication. Manu informe Eve de l\u2019arrestation, mais cette derni\u00e8re d\u00e9cline son invitation \u00e0 passer la soir\u00e9e ensemble. De son c\u00f4t\u00e9, Eliott est all\u00e9 r\u00e9cup\u00e9rer de l&rsquo;argent chez Dumont, puis le cache quand Charles le rejoint dans son garage.<\/p>\n<p>                        Un si grand soleil en avance : Iris vit dans la peur<\/p>\n<p>Le lendemain de son divorce, Iris d\u00e9couvre sa bo\u00eete aux lettres fractur\u00e9e. Dans la rue, Fabrice s&rsquo;\u00e9nerve contre son ami Adrien et l&rsquo;accuse d&rsquo;avoir couch\u00e9 avec Iris. Convaincue d\u2019\u00eatre suivie, Iris se rend au commissariat avec son fr\u00e8re pour porter plainte contre Fabrice. M\u00eame si elle n&rsquo;a pas aper\u00e7u son ex-mari, les violences verbales de ce dernier \u00e0 la sortie du tribunal inqui\u00e8tent Iris. Thierry prend sa plainte et tente de la rassurer, mais Iris reste sur le qui-vive. Dans la soir\u00e9e, elle rentre chez elle et quelqu&rsquo;un l&rsquo;observe.<\/p>\n<p>Un si grand soleil en avance : Nouveau cap pour Florent et C\u00e9cile<\/p>\n<p>C\u00e9cile apprend que son appartement est mis en vente. Florent lui propose imm\u00e9diatement de l\u2019acheter. Si elle est surprise, elle finit par \u00eatre touch\u00e9e par sa spontan\u00e9it\u00e9 et veut y r\u00e9fl\u00e9chir. Florent en touche un mot \u00e0 Johanna qui le taquine en lui parlant de mariage. Le soir, Florent et C\u00e9cile en reparlent et envisagent leur avenir ensemble dans cet appartement. Florent, heureux et amoureux, r\u00e9alise qu\u2019il a trouv\u00e9 un \u00e9quilibre pr\u00e9cieux avec C\u00e9cile, notamment apr\u00e8s avoir accompagn\u00e9 Fabrice dans son douloureux divorce.<\/p>\n","protected":false},"excerpt":{"rendered":"Dans Un si grand soleil vendredi 30 mai 2025 sur France 3, gr\u00e2ce \u00e0 l&rsquo;aide d&rsquo;Eliott, la police&hellip;\n","protected":false},"author":2,"featured_media":137821,"comment_status":"","ping_status":"","sticky":false,"template":"","format":"standard","meta":{"footnotes":""},"categories":[1356],"tags":[244,58,59,1011,27,876,252,1364,9766,26118,26117],"class_list":{"0":"post-137820","1":"post","2":"type-post","3":"status-publish","4":"format-standard","5":"has-post-thumbnail","7":"category-television","8":"tag-commentaire","9":"tag-divertissement","10":"tag-entertainment","11":"tag-fr","12":"tag-france","13":"tag-france-3","14":"tag-television","15":"tag-tv","16":"tag-un-si-grand-soleil","17":"tag-un-si-grand-soleil-ru00e9sumu00e9","18":"tag-un-si-grand-soleil-ru00e9sumu00e9-en-avance"},"share_on_mastodon":{"url":"https:\/\/pubeurope.com\/@fr\/114593448810920903","error":""},"_links":{"self":[{"href":"https:\/\/www.europesays.com\/fr\/wp-json\/wp\/v2\/posts\/137820","targetHints":{"allow":["GET"]}}],"collection":[{"href":"https:\/\/www.europesays.com\/fr\/wp-json\/wp\/v2\/posts"}],"about":[{"href":"https:\/\/www.europesays.com\/fr\/wp-json\/wp\/v2\/types\/post"}],"author":[{"embeddable":true,"href":"https:\/\/www.europesays.com\/fr\/wp-json\/wp\/v2\/users\/2"}],"replies":[{"embeddable":true,"href":"https:\/\/www.europesays.com\/fr\/wp-json\/wp\/v2\/comments?post=137820"}],"version-history":[{"count":0,"href":"https:\/\/www.europesays.com\/fr\/wp-json\/wp\/v2\/posts\/137820\/revisions"}],"wp:featuredmedia":[{"embeddable":true,"href":"https:\/\/www.europesays.com\/fr\/wp-json\/wp\/v2\/media\/137821"}],"wp:attachment":[{"href":"https:\/\/www.europesays.com\/fr\/wp-json\/wp\/v2\/media?parent=137820"}],"wp:term":[{"taxonomy":"category","embeddable":true,"href":"https:\/\/www.europesays.com\/fr\/wp-json\/wp\/v2\/categories?post=137820"},{"taxonomy":"post_tag","embeddable":true,"href":"https:\/\/www.europesays.com\/fr\/wp-json\/wp\/v2\/tags?post=137820"}],"curies":[{"name":"wp","href":"https:\/\/api.w.org\/{rel}","templated":true}]}}