{"id":137825,"date":"2025-05-29T22:22:09","date_gmt":"2025-05-29T22:22:09","guid":{"rendered":"https:\/\/www.europesays.com\/fr\/137825\/"},"modified":"2025-05-29T22:22:09","modified_gmt":"2025-05-29T22:22:09","slug":"peste-lepre-des-chercheurs-scrutent-les-microbes-du-passe-pour-comprendre-les-durees-des-epidemies","status":"publish","type":"post","link":"https:\/\/www.europesays.com\/fr\/137825\/","title":{"rendered":"Peste, l\u00e8pre&#8230; Des chercheurs scrutent les microbes du pass\u00e9 pour comprendre les dur\u00e9es des \u00e9pid\u00e9mies"},"content":{"rendered":"<p>Le travail de ces scientifiques cherche \u00e0 expliquer pourquoi chaque \u00e9pid\u00e9mie de peste a dur\u00e9 si longtemps au fil des \u00e2ges.<\/p>\n<p class=\"fig-paragraph\">Pourquoi les\u00a0<a href=\"http:\/\/www.lefigaro.fr\/theatre\/s-immerger-en-1780-en-pleine-epidemie-de-peste-au-palais-royal-20230723\" target=\"_blank\" data-fig-type=\"Article\" rel=\"noopener\" data-gtm-custom-categorie=\"navigation\" data-gtm-custom-action=\"crossclick\" data-gtm-custom-label=\"Contextuel\" data-gtm-event=\"customEventSPE\" data-fig-domain=\"LEFIGARO\">\u00e9pid\u00e9mies de peste<\/a>\u00a0ont-elles dur\u00e9 si longtemps\u00a0? La l\u00e8pre \u00e9tait-elle pr\u00e9sente en Am\u00e9rique avant l&rsquo;arriv\u00e9e des Europ\u00e9ens\u00a0? V\u00e9ritables arch\u00e9ologues des microbes, des chercheurs ont r\u00e9pondu \u00e0 ces deux questions en \u00e9tudiant des bact\u00e9ries parfois vieilles de plusieurs mill\u00e9naires.<\/p>\n<p class=\"fig-paragraph\">La revue Science publie jeudi deux \u00e9tudes sur l&rsquo;histoire de ces maladies qui ont marqu\u00e9 l&rsquo;imaginaire collectif:\u00a0<a href=\"https:\/\/www.lefigaro.fr\/vox\/histoire\/l-epidemie-de-peste-d-odessa-de-1811-vue-par-des-nobles-francais-qui-l-ont-vecue-20200505\" target=\"_blank\" data-fig-type=\"Article\" rel=\"noopener\" data-gtm-custom-categorie=\"navigation\" data-gtm-custom-action=\"crossclick\" data-gtm-custom-label=\"Contextuel\" data-gtm-event=\"customEventSPE\" data-fig-domain=\"LEFIGARO\">la peste,<\/a>\u00a0qui a caus\u00e9 la terrible Peste noire \u00e0 la fin du Moyen-\u00c2ge, et la l\u00e8pre, associ\u00e9e au cours des si\u00e8cles \u00e0 des images de malades lourdement d\u00e9figur\u00e9s.<\/p>\n<p>Trois pand\u00e9mies de peste dans l\u2019histoire mondiale<\/p>\n<p class=\"fig-paragraph\">\u00abLa bact\u00e9rie de la peste a une importance particuli\u00e8re dans l&rsquo;histoire de l&rsquo;humanit\u00e9, donc c&rsquo;est important de savoir comment ces \u00e9pid\u00e9mies se sont propag\u00e9es\u00bb, explique \u00e0 l&rsquo;AFP le microbiologiste Javier Pizarro-Cerda, l&rsquo;un des auteurs de la premi\u00e8re \u00e9tude. Le chercheur travaille pour\u00a0<a href=\"http:\/\/www.lefigaro.fr\/sciences\/nous-assistons-a-la-destruction-d-un-ecosysteme-de-recherche-deux-scientifiques-alertent-sur-la-methode-trumpienne-20250411\" target=\"_blank\" data-fig-type=\"Article\" rel=\"noopener\" data-gtm-custom-categorie=\"navigation\" data-gtm-custom-action=\"crossclick\" data-gtm-custom-label=\"Contextuel\" data-gtm-event=\"customEventSPE\" data-fig-domain=\"LEFIGARO\">l&rsquo;institut fran\u00e7ais Pasteur<\/a>, impliqu\u00e9 dans les deux \u00e9tudes. Son travail, r\u00e9alis\u00e9 en collaboration avec des scientifiques de l&rsquo;universit\u00e9 canadienne McMaster, explique pourquoi chaque \u00e9pid\u00e9mie de peste a dur\u00e9 si longtemps au fil des \u00e2ges.<\/p>\n<p class=\"fig-paragraph\">Depuis deux mille ans, le monde a connu\u00a0<a href=\"https:\/\/www.lefigaro.fr\/vox\/culture\/jean-pierre-luminet-c-est-durant-l-epidemie-de-peste-noire-que-le-jeune-isaac-newton-a-concu-la-loi-de-la-gravitation-universelle-20200409\" target=\"_blank\" data-fig-type=\"Article\" rel=\"noopener\" data-gtm-custom-categorie=\"navigation\" data-gtm-custom-action=\"crossclick\" data-gtm-custom-label=\"Contextuel\" data-gtm-event=\"customEventSPE\" data-fig-domain=\"LEFIGARO\">trois pand\u00e9mies de peste<\/a>. La premi\u00e8re, dite peste de Justinien, a marqu\u00e9 pendant deux cents ans la fin de l&rsquo;Antiquit\u00e9 et le d\u00e9but du Moyen-\u00c2ge. Pr\u00e8s d&rsquo;un mill\u00e9naire plus tard, la deuxi\u00e8me a d\u00e9but\u00e9 par la Peste noire qui a tu\u00e9 pr\u00e8s de la moiti\u00e9 de la population europ\u00e9enne au milieu des ann\u00e9es 1300, puis ensuite donn\u00e9 lieu \u00e0 des \u00e9pisodes r\u00e9currents pendant des si\u00e8cles. La troisi\u00e8me, n\u00e9e en Asie au milieu du XIXe si\u00e8cle, se prolonge encore aujourd&rsquo;hui avec de multiples cas, en particulier en Afrique subsaharienne: R\u00e9publique d\u00e9mocratique du Congo, Madagascar, Ouganda&#8230;.<\/p>\n<p class=\"fig-paragraph\">Les auteurs de l&rsquo;\u00e9tude ont examin\u00e9 des \u00e9chantillons de Yersinia pestis, la bact\u00e9rie de la peste bubonique, qui remontaient \u00e0 chacune de ces \u00e9pid\u00e9mies. Ils ont not\u00e9 un point commun: dans les trois cas, le microbe a connu une \u00e9volution g\u00e9n\u00e9tique qui a peu \u00e0 peu r\u00e9duit sa virulence. On pourrait penser qu&rsquo;une \u00e9pid\u00e9mie s&rsquo;\u00e9teint quand un microbe devient moins dangereux. Mais en provoquant des infections moins graves, la bact\u00e9rie de la peste a prolong\u00e9 leur dur\u00e9e, ce qui lui a donn\u00e9 plus d&rsquo;occasions pour se transmettre d&rsquo;un individu \u00e0 l&rsquo;autre.<\/p>\n<p>Une l\u00e8pre am\u00e9ricaine<\/p>\n<p class=\"fig-paragraph\">Les chercheurs de Pasteur ont confirm\u00e9 cette hypoth\u00e8se en infectant des groupes de rats avec certains \u00e9chantillons r\u00e9cents: la maladie y a bien perdur\u00e9 plus longtemps quand la virulence de la bact\u00e9rie \u00e9tait r\u00e9duite. C&rsquo;est une avanc\u00e9e consid\u00e9rable dans la compr\u00e9hension des \u00e9pid\u00e9mies de peste, m\u00eame si le contexte actuel, o\u00f9 des antibiotiques permettent de bien lutter contre la maladie, est largement diff\u00e9rent des si\u00e8cles pass\u00e9s. \u00ab\u00c7a nous permet de saisir de fa\u00e7on globale comment les agents pathog\u00e8nes peuvent s&rsquo;adapter \u00e0 diff\u00e9rentes situations\u00bb, souligne M. Pizarro Cerda. \u00abOn peut finalement mieux comprendre ce qu&rsquo;est la peste, et comment on peut d\u00e9velopper des mesures pour se d\u00e9fendre.\u00bb<\/p>\n<p class=\"fig-paragraph\">Le pass\u00e9 \u00e9claire \u00e9galement le pr\u00e9sent dans la seconde \u00e9tude, qui se penche sur le<a href=\"https:\/\/www.lefigaro.fr\/sciences\/dr-bertrand-cauchoix-la-lepre-est-une-maladie-qui-fait-son-lit-sur-la-pauvrete-20200124\" target=\"_blank\" data-fig-type=\"Article\" rel=\"noopener\" data-gtm-custom-categorie=\"navigation\" data-gtm-custom-action=\"crossclick\" data-gtm-custom-label=\"Contextuel\" data-gtm-event=\"customEventSPE\" data-fig-domain=\"LEFIGARO\">\u00a0parcours de la l\u00e8pre<\/a>\u00a0au fil des mill\u00e9naires. Les \u00e9quipes de Pasteur ont, ici, collabor\u00e9 avec l&rsquo;Universit\u00e9 du Colorado, pour examiner des centaines d&rsquo;\u00e9chantillons issus de fouilles arch\u00e9ologiques en Am\u00e9rique du Nord comme du Sud. Ils y ont d\u00e9couvert l&rsquo;une des bact\u00e9ries impliqu\u00e9es dans la l\u00e8pre, Mycobacterium lepromatosis. Or, les \u00e9chantillons concern\u00e9s remontaient \u00e0 il y a neuf mille ans, soit bien avant l&rsquo;arriv\u00e9e des premiers colons europ\u00e9ens.<\/p>\n<p class=\"fig-paragraph\">\u00abOn montre qu&rsquo;il y avait d\u00e9j\u00e0 une forme de l\u00e8pre en Am\u00e9rique et qui a \u00e9t\u00e9 propag\u00e9e sur tout le continent\u00bb, r\u00e9sume \u00e0 l&rsquo;AFP l&rsquo;un des principaux auteurs, Nicolas Rascovan, sp\u00e9cialiste en pal\u00e9og\u00e9nomique \u00e0 l&rsquo;institut Pasteur. \u00abCe n&rsquo;est pas un petit coin de continent, c&rsquo;\u00e9tait vraiment partout.\u00bb<\/p>\n<p class=\"fig-paragraph\">Attention, pour autant, \u00e0 ne pas mettre la colonisation hors de cause. Les Europ\u00e9ens ont bien transmis sur le sol am\u00e9ricain une autre bact\u00e9rie, Mycobacterium leprae, consid\u00e9r\u00e9e jusqu&rsquo;aux ann\u00e9es 2000 comme seule responsable de la l\u00e8pre. Mais cette d\u00e9couverte va permettre d&rsquo;orienter les recherches sur Mycobacterium lepromatosis, sur laquelle demeurent de nombreuses zones d&rsquo;ombre depuis sa d\u00e9couverte en 2008.<\/p>\n","protected":false},"excerpt":{"rendered":"Le travail de ces scientifiques cherche \u00e0 expliquer pourquoi chaque \u00e9pid\u00e9mie de peste a dur\u00e9 si longtemps au&hellip;\n","protected":false},"author":2,"featured_media":137826,"comment_status":"","ping_status":"","sticky":false,"template":"","format":"standard","meta":{"footnotes":""},"categories":[10],"tags":[237,101,232,231,234,228,1011,27,72,239,230,238,226,224,225,233,229,236,13848,235,71,227],"class_list":{"0":"post-137825","1":"post","2":"type-post","3":"status-publish","4":"format-standard","5":"has-post-thumbnail","7":"category-sante","8":"tag-actualite-sur-les-maladies","9":"tag-cancer","10":"tag-cardiologie","11":"tag-cerveau","12":"tag-diabete","13":"tag-diagnostic","14":"tag-fr","15":"tag-france","16":"tag-health","17":"tag-info-sur-les-maladies","18":"tag-infographie","19":"tag-information-sur-les-maladies","20":"tag-maladie","21":"tag-medecine","22":"tag-medicament","23":"tag-obesite","24":"tag-pathologie","25":"tag-pediatrie","26":"tag-peste","27":"tag-psychiatrie","28":"tag-sante","29":"tag-traitement"},"share_on_mastodon":{"url":"https:\/\/pubeurope.com\/@fr\/114593460616012802","error":""},"_links":{"self":[{"href":"https:\/\/www.europesays.com\/fr\/wp-json\/wp\/v2\/posts\/137825","targetHints":{"allow":["GET"]}}],"collection":[{"href":"https:\/\/www.europesays.com\/fr\/wp-json\/wp\/v2\/posts"}],"about":[{"href":"https:\/\/www.europesays.com\/fr\/wp-json\/wp\/v2\/types\/post"}],"author":[{"embeddable":true,"href":"https:\/\/www.europesays.com\/fr\/wp-json\/wp\/v2\/users\/2"}],"replies":[{"embeddable":true,"href":"https:\/\/www.europesays.com\/fr\/wp-json\/wp\/v2\/comments?post=137825"}],"version-history":[{"count":0,"href":"https:\/\/www.europesays.com\/fr\/wp-json\/wp\/v2\/posts\/137825\/revisions"}],"wp:featuredmedia":[{"embeddable":true,"href":"https:\/\/www.europesays.com\/fr\/wp-json\/wp\/v2\/media\/137826"}],"wp:attachment":[{"href":"https:\/\/www.europesays.com\/fr\/wp-json\/wp\/v2\/media?parent=137825"}],"wp:term":[{"taxonomy":"category","embeddable":true,"href":"https:\/\/www.europesays.com\/fr\/wp-json\/wp\/v2\/categories?post=137825"},{"taxonomy":"post_tag","embeddable":true,"href":"https:\/\/www.europesays.com\/fr\/wp-json\/wp\/v2\/tags?post=137825"}],"curies":[{"name":"wp","href":"https:\/\/api.w.org\/{rel}","templated":true}]}}