{"id":137829,"date":"2025-05-29T22:24:08","date_gmt":"2025-05-29T22:24:08","guid":{"rendered":"https:\/\/www.europesays.com\/fr\/137829\/"},"modified":"2025-05-29T22:24:08","modified_gmt":"2025-05-29T22:24:08","slug":"anne-sophie-lapix-ecartee-du-jt-elle-craque-en-plein-direct","status":"publish","type":"post","link":"https:\/\/www.europesays.com\/fr\/137829\/","title":{"rendered":"Anne-Sophie Lapix \u00e9cart\u00e9e du JT\u00a0: elle craque en plein direct"},"content":{"rendered":"<p>      R\u00e9sum\u00e9<\/p>\n<p>La pr\u00e9sentation du JT, ce sera bient\u00f4t de l&rsquo;histoire ancienne pour Anne-Sophie Lapix. Du coup, d&rsquo;ici l\u00e0, la professionnelle de l&rsquo;info profite des derniers instants avec ses t\u00e9l\u00e9spectateurs et se l\u00e2che.<\/p>\n<p>        Sommaire<\/p>\n<p>Mais <strong>qui succ\u00e9dera \u00e0 Anne-Sophie Lapix<\/strong> \u00e0 la t\u00eate des journaux de 20\u00a0heures sur France 2\u00a0? La question est sur toutes les l\u00e8vres depuis la d\u00e9cision de Delphine Ernotte, pr\u00e9sidente de France T\u00e9l\u00e9visions, d&rsquo;\u00e9carter de l&rsquo;antenne <a href=\"https:\/\/www.public.fr\/anne-sophie-lapix-ecartee-thomas-sotto-sen-mele\" target=\"_blank\" rel=\"noopener\">la journaliste originaire du Pays basque<\/a>. C&rsquo;est <strong>en 2017<\/strong> que cette derni\u00e8re a pris les manettes du 20\u00a0heures <strong>en remplacement de David Pujadas<\/strong>. Toutefois, le groupe ne compte pas se s\u00e9parer de <a href=\"https:\/\/www.public.fr\/anne-sophie-lapix-ecartee-anne-elisabeth-lemoine-elle-aussi-bientot-evincee\" target=\"_blank\" rel=\"noopener\">son talent<\/a> pour autant et assure travailler ardemment avec elle sur <strong>d&rsquo;autres projets<\/strong>.<\/p>\n<p>Mais alors quels projets\u00a0? <strong>Comment va-t-elle collaborer<\/strong> dans le futur avec France 2 ou avec d&rsquo;autres cha\u00eenes du groupe\u00a0? Nul ne le sait\u2026 En tout cas, <a href=\"https:\/\/www.public.fr\/anne-sophie-lapix-evincee-du-jt-de-france-2-les-raisons-enfin-devoilees\" target=\"_blank\" rel=\"noopener\">la professionnelle de l&rsquo;info<\/a> doit maintenant <strong>faire ses cartons afin de laisser la place<\/strong> \u00e0 <a href=\"https:\/\/www.public.fr\/julien-arnaud-benjamin-duhamel-caroline-roux-qui-pour-remplacer-anne-sophie-lapix-au-20h\" target=\"_blank\" rel=\"noopener\">celle ou celui qui lui succ\u00e9dera <\/a><strong>d\u00e8s son d\u00e9part, mi-juillet<\/strong>. Toutefois d&rsquo;ici l\u00e0, <strong>hors de question de se lamenter<\/strong> et de changer de ton \u00e0 l&rsquo;antenne malgr\u00e9 les circonstances. Anne-Sophie Lapix garde le sourire. Preuve en est, <strong>cette \u00e9dition du 29\u00a0mai<\/strong> \u00e0 la tonalit\u00e9 particuli\u00e8re.<\/p>\n<p>En effet, <a href=\"https:\/\/www.public.fr\/anne-sophie-lapix-viree-de-france-2-sa-remplacante-au-20h-deja-designee\" target=\"_blank\" rel=\"noopener\">la maman de deux gar\u00e7ons<\/a> a lanc\u00e9 une grande partie de ses sujets dits \u00ab\u00a0l\u00e9gers\u00a0\u00bb <strong>en chanson<\/strong>. Ainsi, a-t-elle entonn\u00e9 Il en faut peu pour \u00eatre heureux extrait du Livre de la jungle. Puis, elle a repris La Java de Michel Sardou, La Grenade de Clara Luciani, J&rsquo;me voyais d\u00e9j\u00e0 de Charles Aznavour ou encore Voil\u00e0 c\u2019est fini de Jean-Louis Aubert pour conclure ce <strong>JT si particulier<\/strong>. \u00c0 d\u00e9faut de retrouver le 20\u00a0heures \u00e0 la rentr\u00e9e, peut-\u00eatre la verra-t-on <strong>dans \u00ab\u00a0Mask Singer\u00a0\u00bb sur TF1\u00a0?<\/strong><\/p>\n<p>Anne-Sophie Lapix remerci\u00e9e\u00a0: cette cons\u0153ur lui donne un conseil de taille<\/p>\n<p>Ce 28\u00a0mai, <strong>Claire Chazal \u00e9tait l&rsquo;invit\u00e9e d&rsquo;Anne-\u00c9lisabeth Lemoine<\/strong> sur France 5 dans \u00ab\u00a0C \u00e0 vous\u00a0\u00bb. Pour l&rsquo;occasion, la pr\u00e9sentatrice lui a (re)montr\u00e9 l&rsquo;extrait vid\u00e9o de <strong>ses adieux en direct, le 13\u00a0septembre 2015<\/strong>. Ce jour-l\u00e0, <a href=\"https:\/\/www.google.com\/url?sa=t&amp;source=web&amp;rct=j&amp;opi=89978449&amp;url=https:\/\/vsd.fr\/79497-claire-chazal-se-confie-sans-tabou-sur-lutilisation-dalcool-avant-ses-jt-a-tf1\/&amp;ved=2ahUKEwjHzNu-z8mNAxWHRqQEHTp5IPEQFnoECBUQAQ&amp;usg=AOvVaw3TZUMfhzZTRfceOXh35eNi\" target=\"_blank\" rel=\"noopener\">la papesse du 20\u00a0heures<\/a> quittait son poste apr\u00e8s <strong>vingt-quatre ans<\/strong> de bons et loyaux services. Un d\u00e9part qu&rsquo;elle n&rsquo;a pas oubli\u00e9. Ainsi a-t-elle tenu \u00e0 adresser <strong>un petit mot \u00e0 <a href=\"https:\/\/www.google.com\/url?sa=t&amp;source=web&amp;rct=j&amp;opi=89978449&amp;url=https:\/\/vsd.fr\/81211-anne-sophie-lapix-cest-fini-et-cest-officiel\/&amp;ved=2ahUKEwi0m-3_zsmNAxUsQaQEHZlXHuoQvOMEKAB6BAgVEAE&amp;usg=AOvVaw3ZQiDS0Gv8QOVEfe99-Ua2\" target=\"_blank\" rel=\"noopener\">sa cons\u0153ur<\/a><\/strong> en cette p\u00e9riode d\u00e9licate.<\/p>\n<p>Tr\u00e8s \u00e9mue, <a href=\"https:\/\/www.google.com\/url?sa=t&amp;source=web&amp;rct=j&amp;opi=89978449&amp;url=https:\/\/vsd.fr\/64185-claire-chazal-fait-un-triste-bilan-de-sa-vie-sentimentale-vouee-a-lechec\/&amp;ved=2ahUKEwjHzNu-z8mNAxWHRqQEHTp5IPEQFnoECBkQAQ&amp;usg=AOvVaw1fVqCeToZxYWWY2lQ6sAkR\" target=\"_blank\" rel=\"noopener\">cette derni\u00e8re<\/a> a commenc\u00e9 par lancer\u00a0: \u00ab\u00a0D\u00e9j\u00e0,<strong> je peux tout \u00e0 fait imaginer ce qu&rsquo;elle peut vivre\u2026 <\/strong>Je pense que c&rsquo;est difficile\u00a0\u00bb. Dans son cas, lorsqu&rsquo;elle a \u00e9t\u00e9 \u00e9cart\u00e9e de l&rsquo;antenne, <a href=\"https:\/\/www.google.com\/url?sa=t&amp;source=web&amp;rct=j&amp;opi=89978449&amp;url=https:\/\/vsd.fr\/62480-jai-reappris-a-claire-chazal-traumatisee-par-son-terrible-licenciement-de-tf1\/&amp;ved=2ahUKEwjHzNu-z8mNAxWHRqQEHTp5IPEQFnoECCUQAQ&amp;usg=AOvVaw0TKz9nsNKtGOGN0YS90CS5\" target=\"_blank\" rel=\"noopener\">l&rsquo;ex de Patrick Poivre d\u2019Arvor<\/a> n&rsquo;a pr\u00e9sent\u00e9 que quelques JT suite \u00e0 la d\u00e9cision de TF1. Cela lui semble particuli\u00e8rement difficile de devoir qu&rsquo;Anne-Sophie Lapix attende jusqu&rsquo;\u00e0 mi-juillet pour quitter son fauteuil. \u00ab\u00a0<strong>Je crois qu&rsquo;il faut s&rsquo;en aller vite\u00a0<\/strong>! Et je crois que pour Anne-Sophie, <strong>si elle a un petit d\u00e9lai, \u00e7a va \u00eatre difficile\u2026<\/strong>\u00ab\u00a0, a confi\u00e9 <a href=\"https:\/\/www.google.com\/url?sa=t&amp;source=web&amp;rct=j&amp;opi=89978449&amp;url=https:\/\/vsd.fr\/63321-jai-failli-quitter-le-plateau-claire-chazal-encore-traumatisee-par-cette-interview-avec-un-ancien-president\/&amp;ved=2ahUKEwjHzNu-z8mNAxWHRqQEHTp5IPEQFnoECCMQAQ&amp;usg=AOvVaw1OjNgvcpi8sc7Tq__j-fqk\" target=\"_blank\" rel=\"noopener\">la pr\u00e9sentatrice du Grand \u00c9chiquier<\/a> sur France 3 avant de conclure\u00a0:  \u00ab\u00a0Je pense \u00e0 elle parce que <strong>c&rsquo;est tr\u00e8s, tr\u00e8s inconfortable\u00a0\u00bb.<\/strong><\/p>\n<p>      Mentionn\u00e9s dans cet article<\/p>\n<p>\u00c0 lire aussi<\/p>\n","protected":false},"excerpt":{"rendered":"R\u00e9sum\u00e9 La pr\u00e9sentation du JT, ce sera bient\u00f4t de l&rsquo;histoire ancienne pour Anne-Sophie Lapix. Du coup, d&rsquo;ici l\u00e0,&hellip;\n","protected":false},"author":2,"featured_media":137830,"comment_status":"","ping_status":"","sticky":false,"template":"","format":"standard","meta":{"footnotes":""},"categories":[8],"tags":[21313,58,59,1011,27,2400,594,4662,3699,26420,9877,2957,7790],"class_list":{"0":"post-137829","1":"post","2":"type-post","3":"status-publish","4":"format-standard","5":"has-post-thumbnail","7":"category-divertissement","8":"tag-anne-sophie-lapix","9":"tag-divertissement","10":"tag-entertainment","11":"tag-fr","12":"tag-france","13":"tag-france-televisions","14":"tag-france-2","15":"tag-journal","16":"tag-journal-de-20-heures","17":"tag-journal-de-20-heures-de-france-2","18":"tag-journalisme","19":"tag-journaliste","20":"tag-walt-disney"},"share_on_mastodon":{"url":"https:\/\/pubeurope.com\/@fr\/114593468715221403","error":""},"_links":{"self":[{"href":"https:\/\/www.europesays.com\/fr\/wp-json\/wp\/v2\/posts\/137829","targetHints":{"allow":["GET"]}}],"collection":[{"href":"https:\/\/www.europesays.com\/fr\/wp-json\/wp\/v2\/posts"}],"about":[{"href":"https:\/\/www.europesays.com\/fr\/wp-json\/wp\/v2\/types\/post"}],"author":[{"embeddable":true,"href":"https:\/\/www.europesays.com\/fr\/wp-json\/wp\/v2\/users\/2"}],"replies":[{"embeddable":true,"href":"https:\/\/www.europesays.com\/fr\/wp-json\/wp\/v2\/comments?post=137829"}],"version-history":[{"count":0,"href":"https:\/\/www.europesays.com\/fr\/wp-json\/wp\/v2\/posts\/137829\/revisions"}],"wp:featuredmedia":[{"embeddable":true,"href":"https:\/\/www.europesays.com\/fr\/wp-json\/wp\/v2\/media\/137830"}],"wp:attachment":[{"href":"https:\/\/www.europesays.com\/fr\/wp-json\/wp\/v2\/media?parent=137829"}],"wp:term":[{"taxonomy":"category","embeddable":true,"href":"https:\/\/www.europesays.com\/fr\/wp-json\/wp\/v2\/categories?post=137829"},{"taxonomy":"post_tag","embeddable":true,"href":"https:\/\/www.europesays.com\/fr\/wp-json\/wp\/v2\/tags?post=137829"}],"curies":[{"name":"wp","href":"https:\/\/api.w.org\/{rel}","templated":true}]}}