{"id":137840,"date":"2025-05-29T22:30:26","date_gmt":"2025-05-29T22:30:26","guid":{"rendered":"https:\/\/www.europesays.com\/fr\/137840\/"},"modified":"2025-05-29T22:30:26","modified_gmt":"2025-05-29T22:30:26","slug":"saint-etienne-une-application-pour-aider-les-personnes-handicapees-a-visiter-la-biennale-design-2","status":"publish","type":"post","link":"https:\/\/www.europesays.com\/fr\/137840\/","title":{"rendered":"Saint-\u00c9tienne. Une application pour aider les personnes handicap\u00e9es \u00e0 visiter la Biennale design"},"content":{"rendered":"<p>Visiter les milliers de m\u00e8tres carr\u00e9s de la Cit\u00e9 du design lors de la <a href=\"https:\/\/www.leprogres.fr\/culture-loisirs\/2025\/05\/21\/la-biennale-du-design-s-offre-une-cure-de-jouvence\" target=\"_blank\" rel=\"nofollow noopener\"> Biennale internationale design<\/a> peut d\u00e9j\u00e0 \u00eatre une \u00e9preuve lorsqu\u2019on est valide. Alors, pour les personnes en fauteuil roulant, malvoyantes ou d\u00e9ficientes, cela peut vite s\u2019av\u00e9rer compliqu\u00e9 et p\u00e9nible.<\/p>\n<p>C\u2019est pourquoi la mairie de Saint-\u00c9tienne, en partenariat avec <a href=\"https:\/\/www.leprogres.fr\/economie\/2023\/09\/25\/cette-entreprise-lance-le-premier-gps-pour-trouver-son-chemin-a-l-interieur\" target=\"_blank\" rel=\"nofollow noopener\">l\u2019entreprise lyonnaise Okeenea,<\/a> leader de l\u2019accessibilit\u00e9 (c\u2019est elle qui a \u00e9quip\u00e9 la ville en feux sonores), s\u2019est lanc\u00e9 un d\u00e9fi\u00a0: \u00ab\u00a0Am\u00e9liorer l\u2019accessibilit\u00e9 et pouvoir, lors d\u2019\u00e9v\u00e8nements comme celui-ci, s\u2019adresser \u00e0 un public toujours plus large\u00a0\u00bb, a expliqu\u00e9 Marc Chassaub\u00e9n\u00e9, adjoint \u00e0 la culture et pr\u00e9sident de la Cit\u00e9 du design.<\/p>\n<p>  Une exp\u00e9rimentation directement avec les usagers<\/p>\n<p>La solution retenue, c\u2019est Evelity, un dispositif de guidage digital, dont les utilisateurs peuvent tout param\u00e9trer en fonction de ce dont ils ont besoin, pas \u00e0 pas. Elle est d\u00e9ploy\u00e9e pour la premi\u00e8re fois sur la m\u00e9tropole st\u00e9phanoise dans l\u2019enceinte de la Cit\u00e9 du design \u00e0 l\u2019occasion de cette Biennale internationale design, dont la superficie relativement \u00e9tendue, tout en \u00e9tant priv\u00e9e et s\u00e9curis\u00e9e, se pr\u00eate bien \u00e0 l\u2019exp\u00e9rimentation.<\/p>\n<p>Car il s\u2019agit seulement ici d\u2019une exp\u00e9rimentation, comme le soulignent les membres de la commission communale d\u2019accessibilit\u00e9 et de l\u2019association Mahvu. Des groupes de travail se r\u00e9uniront le 5\u00a0juin afin de tester et renforcer la signal\u00e9tique de cette application. Des groupes compos\u00e9s en fonction des handicaps\u00a0: moteur, mental ou c\u00e9cit\u00e9 partielle\/totale.<\/p>\n<p>Le but est de pouvoir travailler ensemble et de r\u00e9pondre \u00e0 l\u2019ensemble des besoins des usagers, et que chacun puisse se rendre o\u00f9 il le souhaite de fa\u00e7on autonome.<\/p>\n<p>L\u2019inclusivit\u00e9 de l\u2019application permet d\u2019amener des solutions tr\u00e8s adapt\u00e9es \u00e0 travers les diff\u00e9rentes signal\u00e9tiques. Mais il faudra tout de m\u00eame compter douze \u00e0 dix-huit mois pour que tout soit parfaitement affin\u00e9.<\/p>\n<p>  \u00ab\u00a0On a travaill\u00e9 avec un professeur sp\u00e9cialis\u00e9 dans les troubles de l\u2019orientation\u00a0\u00bb<\/p>\n<p>Pour le moment, l\u2019application est d\u00e9j\u00e0 t\u00e9l\u00e9chargeable sur IOS et Android, et poss\u00e8de tout un tas de dispositifs. D\u2019abord, les instructions sont \u00ab\u00a0Falc\u00a0\u00bb (faciles \u00e0 lire et \u00e0 comprendre) pour qu\u2019elles soient \u00e0 la port\u00e9e de tous.<\/p>\n<p>\u00ab\u00a0On a travaill\u00e9 avec un professeur sp\u00e9cialis\u00e9 dans les troubles de l\u2019orientation, avec une patiente qui n\u2019a aucune m\u00e9moire spatiale\u2026 Donc, plut\u00f4t que de parler de droite ou de gauche, qui ne veulent rien dire dans ces moments-l\u00e0, on utilise la technique bague\/montre. L\u2019application dira alors qu\u2019il faut tourner c\u00f4t\u00e9 bague ou c\u00f4t\u00e9 montre, par exemple. Il y a \u00e9galement des fonctionnalit\u00e9s de balises sonores, de vibrations, les portes sont indiqu\u00e9es, les pentes douces, les escaliers,\u00a0etc. On peut \u00e9galement choisir la rapidit\u00e9 du d\u00e9bit de la synth\u00e8se vocale qui guide. Mais il n\u2019y a pas de magie\u00a0: il y aura forc\u00e9ment un petit temps d\u2019adaptation, comme lorsqu\u2019on se trompe de sens avec Google Maps en voiture\u2026\u00a0\u00bb<\/p>\n<p>  Co\u00fbt de l\u2019exp\u00e9rimentation\u00a0: 18\u00a0000\u00a0euros<\/p>\n<p>Cette exp\u00e9rimentation aura co\u00fbt\u00e9 18\u00a0000\u00a0euros \u00e0 la Ville de Saint-\u00c9tienne, mais l\u2019application, elle, est totalement gratuite pour les usagers. Dans l\u2019avenir, si l\u2019exp\u00e9rimentation s\u2019av\u00e8re une r\u00e9ussite, le dispositif pourrait \u00eatre \u00e9tendu \u00e0 d\u2019autres lieux et d\u2019autres \u00e9v\u00e9nements.<\/p>\n","protected":false},"excerpt":{"rendered":"Visiter les milliers de m\u00e8tres carr\u00e9s de la Cit\u00e9 du design lors de la Biennale internationale design peut&hellip;\n","protected":false},"author":2,"featured_media":137841,"comment_status":"","ping_status":"","sticky":false,"template":"","format":"standard","meta":{"footnotes":""},"categories":[9653],"tags":[1111,11,2430,7539,1777,674,1011,27,1943,12,25,4001,7538,71,104],"class_list":{"0":"post-137840","1":"post","2":"type-post","3":"status-publish","4":"format-standard","5":"has-post-thumbnail","7":"category-saint-etienne","8":"tag-actu","9":"tag-actualites","10":"tag-auvergne-rhone-alpes","11":"tag-edition-loire-sud","12":"tag-eu","13":"tag-europe","14":"tag-fr","15":"tag-france","16":"tag-handicap","17":"tag-news","18":"tag-republique-francaise","19":"tag-saint-etienne","20":"tag-saint-etienne-ville","21":"tag-sante","22":"tag-societe"},"share_on_mastodon":{"url":"https:\/\/pubeurope.com\/@fr\/114593492223214928","error":""},"_links":{"self":[{"href":"https:\/\/www.europesays.com\/fr\/wp-json\/wp\/v2\/posts\/137840","targetHints":{"allow":["GET"]}}],"collection":[{"href":"https:\/\/www.europesays.com\/fr\/wp-json\/wp\/v2\/posts"}],"about":[{"href":"https:\/\/www.europesays.com\/fr\/wp-json\/wp\/v2\/types\/post"}],"author":[{"embeddable":true,"href":"https:\/\/www.europesays.com\/fr\/wp-json\/wp\/v2\/users\/2"}],"replies":[{"embeddable":true,"href":"https:\/\/www.europesays.com\/fr\/wp-json\/wp\/v2\/comments?post=137840"}],"version-history":[{"count":0,"href":"https:\/\/www.europesays.com\/fr\/wp-json\/wp\/v2\/posts\/137840\/revisions"}],"wp:featuredmedia":[{"embeddable":true,"href":"https:\/\/www.europesays.com\/fr\/wp-json\/wp\/v2\/media\/137841"}],"wp:attachment":[{"href":"https:\/\/www.europesays.com\/fr\/wp-json\/wp\/v2\/media?parent=137840"}],"wp:term":[{"taxonomy":"category","embeddable":true,"href":"https:\/\/www.europesays.com\/fr\/wp-json\/wp\/v2\/categories?post=137840"},{"taxonomy":"post_tag","embeddable":true,"href":"https:\/\/www.europesays.com\/fr\/wp-json\/wp\/v2\/tags?post=137840"}],"curies":[{"name":"wp","href":"https:\/\/api.w.org\/{rel}","templated":true}]}}