{"id":137853,"date":"2025-05-29T22:42:12","date_gmt":"2025-05-29T22:42:12","guid":{"rendered":"https:\/\/www.europesays.com\/fr\/137853\/"},"modified":"2025-05-29T22:42:12","modified_gmt":"2025-05-29T22:42:12","slug":"athletisme-carminati-et-le-baron-en-vue-sur-1500-metres-a-grenoble","status":"publish","type":"post","link":"https:\/\/www.europesays.com\/fr\/137853\/","title":{"rendered":"Athl\u00e9tisme. Carminati et Le Baron en vue sur 1500 m\u00e8tres \u00e0 Grenoble"},"content":{"rendered":"<p>Mercredi soir, au cours du meeting national Albert-Rivet de Grenoble, Maxime Carminati (Luxeuil) et C\u00f4me Le Baron (DSA) ont particip\u00e9 \u00e0 la finale du 1\u00a0500 m\u00e8tres. Le Luxovien a termin\u00e9 cinqui\u00e8me <a href=\"https:\/\/www.estrepublicain.fr\/sport\/2025\/01\/20\/record-personnel-sur-1500-m-pour-maxime-carminati-a-lyon\" target=\"_blank\" rel=\"noopener\">en 3&prime;\u00a047\u201d 57, sa meilleure performance<\/a> de la saison, \u00e0 moins d\u2019une seconde de sa meilleure marque \u00e9tablie l\u2019an pass\u00e9. Le junior doubien a pris une belle septi\u00e8me place en 3&rsquo;48\u201d 55, ce qui repr\u00e9sente son nouveau record personnel.<\/p>\n<p>Le L\u00e9donien Ayrton Dalloz a lanc\u00e9 le disque \u00e0 39,40 m\u00e8tres et la cadette Olympe Smaniotto (Saint-Claude) a d\u00e9pass\u00e9 pour la premi\u00e8re fois la barre des quarante m\u00e8tres avec 40,46 m\u00e8tres.<\/p>\n<p>\u00c0 Tomblaine, Yoann Crochetet (Luxeuil) a fini quatri\u00e8me du 1\u00a0500 m\u00e8tres en 4&rsquo;00\u201d 79, alors que Mah\u00e9 Baigue (Lons) a lanc\u00e9 le javelot \u00e0 57,77 m\u00e8tres.<\/p>\n<p>Au meeting international de Bruxelles, le junior Tim\u00e9o Ligier (DSA) a am\u00e9lior\u00e9 son record personnel sur 3\u00a0000 m\u00e8tres steeple en 9&prime;\u00a018\u201d 33, ce qui lui permet de se placer, provisoirement, \u00e0 la septi\u00e8me place des bilans nationaux de sa cat\u00e9gorie pour cette saison. Au m\u00eame endroit, Loris Pellaz (DSA) a couru le 5\u00a0000 m\u00e8tres en 14&prime;\u00a004\u201d 26, ce qui le rapproche du Top 10 franc-comtois de tous les temps.<\/p>\n","protected":false},"excerpt":{"rendered":"Mercredi soir, au cours du meeting national Albert-Rivet de Grenoble, Maxime Carminati (Luxeuil) et C\u00f4me Le Baron (DSA)&hellip;\n","protected":false},"author":2,"featured_media":137854,"comment_status":"","ping_status":"","sticky":false,"template":"","format":"standard","meta":{"footnotes":""},"categories":[9566],"tags":[1111,11,4132,2430,10112,14382,14383,1777,674,1011,27,2731,12,25,517,14185],"class_list":{"0":"post-137853","1":"post","2":"type-post","3":"status-publish","4":"format-standard","5":"has-post-thumbnail","7":"category-grenoble","8":"tag-actu","9":"tag-actualites","10":"tag-athletisme","11":"tag-auvergne-rhone-alpes","12":"tag-besancon","13":"tag-besancon-ville-25a","14":"tag-edition-besancon","15":"tag-eu","16":"tag-europe","17":"tag-fr","18":"tag-france","19":"tag-grenoble","20":"tag-news","21":"tag-republique-francaise","22":"tag-sport","23":"tag-sport-franc-comtois"},"share_on_mastodon":{"url":"https:\/\/pubeurope.com\/@fr\/114593539260046385","error":""},"_links":{"self":[{"href":"https:\/\/www.europesays.com\/fr\/wp-json\/wp\/v2\/posts\/137853","targetHints":{"allow":["GET"]}}],"collection":[{"href":"https:\/\/www.europesays.com\/fr\/wp-json\/wp\/v2\/posts"}],"about":[{"href":"https:\/\/www.europesays.com\/fr\/wp-json\/wp\/v2\/types\/post"}],"author":[{"embeddable":true,"href":"https:\/\/www.europesays.com\/fr\/wp-json\/wp\/v2\/users\/2"}],"replies":[{"embeddable":true,"href":"https:\/\/www.europesays.com\/fr\/wp-json\/wp\/v2\/comments?post=137853"}],"version-history":[{"count":0,"href":"https:\/\/www.europesays.com\/fr\/wp-json\/wp\/v2\/posts\/137853\/revisions"}],"wp:featuredmedia":[{"embeddable":true,"href":"https:\/\/www.europesays.com\/fr\/wp-json\/wp\/v2\/media\/137854"}],"wp:attachment":[{"href":"https:\/\/www.europesays.com\/fr\/wp-json\/wp\/v2\/media?parent=137853"}],"wp:term":[{"taxonomy":"category","embeddable":true,"href":"https:\/\/www.europesays.com\/fr\/wp-json\/wp\/v2\/categories?post=137853"},{"taxonomy":"post_tag","embeddable":true,"href":"https:\/\/www.europesays.com\/fr\/wp-json\/wp\/v2\/tags?post=137853"}],"curies":[{"name":"wp","href":"https:\/\/api.w.org\/{rel}","templated":true}]}}