{"id":137865,"date":"2025-05-29T22:49:11","date_gmt":"2025-05-29T22:49:11","guid":{"rendered":"https:\/\/www.europesays.com\/fr\/137865\/"},"modified":"2025-05-29T22:49:11","modified_gmt":"2025-05-29T22:49:11","slug":"des-syndicats-soutiennent-le-professeur-duniversite-targue-de-sympathie-envers-les-freres","status":"publish","type":"post","link":"https:\/\/www.europesays.com\/fr\/137865\/","title":{"rendered":"Des syndicats soutiennent le professeur d\u2019universit\u00e9 targu\u00e9 de sympathie envers les Fr\u00e8res"},"content":{"rendered":"<p>Son programme de recherche Intitul\u00e9 \u00a0Le Coran europ\u00e9en, 1150-1850\u00a0 est au c\u0153ur d\u2019une pol\u00e9mique.<\/p>\n<p>Son projet de recherches sur la Coran \u00e9tait vis\u00e9<\/p>\n<p><a href=\"https:\/\/www.ouest-france.fr\/societe\/religions\/accuse-de-favoriser-lideologie-des-freres-musulmans-un-professeur-de-nantes-universite-conteste-d26cd402-37cf-11f0-9fac-ce5100d22487#:~:text=Religions-,Accus%25C3%25A9%2520de%2520favoriser%2520l&#039;id%25C3%25A9ologie%2520des%2520Fr%25C3%25A8res%2520musulmans%252C%2520un%2520professeur,port%25C3%25A9e%2520par%2520l&#039;extr%25C3%25AAme%2520droite.\" target=\"_blank\" rel=\"noopener\">En avril dernier, John Tolan, professeur \u00e9m\u00e9rite \u00e0 Nantes Universit\u00e9 et historien de renom, s\u2019est retrouv\u00e9 vis\u00e9 par Florence Bergeaud-Blackler,<\/a> charg\u00e9e de recherches en anthropologie au centre national de la recherche scientifique (CNRS). Selon cette derni\u00e8re, son projet de recherche sur l\u2019influence du Coran dans l\u2019histoire intellectuelle de l\u2019Europe m\u00e9di\u00e9vale et moderne \u2013 men\u00e9e en commun avec une trentaine de confr\u00e8res europ\u00e9ens \u2013 est favorable \u00e0 l\u2019id\u00e9ologie des Fr\u00e8res musulmans. Quelques jours plus tard, l\u2019information a \u00e9galement \u00e9t\u00e9 r\u00e9cup\u00e9r\u00e9e par le Rassemblement National qui accuse le projet de \u00a0pros\u00e9lytisme\u00a0.<\/p>\n<p>\u00ab\u00a0Soutien entier\u00a0\u00bb et \u00ab\u00a0confiance en leur int\u00e9grit\u00e9\u00a0\u00bb<\/p>\n<p>Mardi 27\u00a0mai, les organisations syndicales CGT, CFDT, FO, FSU et SUD ont tenu, \u00e0 travers un communiqu\u00e9, \u00e0 apporter leur \u00a0entier soutien\u00a0 \u00e0 l\u2019historien, et \u00e0 dire \u00a0leur confiance dans leur int\u00e9grit\u00e9 comme dans celle de leur recherche\u00a0. \u00a0Les organisations signataires rappellent que ces projets de recherche europ\u00e9ens font l\u2019objet d\u2019une tr\u00e8s rigoureuse s\u00e9lection\u00a0\u00bb, poursuit le communiqu\u00e9, \u00e9voquant le Conseil europ\u00e9en de la recherche, financeur de cette \u00e9tude.<\/p>\n<p>\u00a0Dans toutes les dictatures, et d\u00e9sormais dans les d\u00e9mocraties dites lib\u00e9rales, les premi\u00e8res attaques visent l\u2019ind\u00e9pendance des universit\u00e9s, de la presse et des m\u00e9dias, avant de s\u2019en prendre aux libert\u00e9s collectives et individuelles et \u00e0 l\u2019\u00c9tat de droit\u00a0, pr\u00e9viennent aussi les organisations syndicales, pointant du doigt la situation aux \u00c9tats-Unis.<\/p>\n<p>\u00a0<\/p>\n","protected":false},"excerpt":{"rendered":"Son programme de recherche Intitul\u00e9 \u00a0Le Coran europ\u00e9en, 1150-1850\u00a0 est au c\u0153ur d\u2019une pol\u00e9mique. Son projet de recherches&hellip;\n","protected":false},"author":2,"featured_media":137866,"comment_status":"","ping_status":"","sticky":false,"template":"","format":"standard","meta":{"footnotes":""},"categories":[2818],"tags":[1111,11,1777,674,1011,27,5407,19920,766,12,2636,1127,25,26421,26423,3427,26422,5768],"class_list":{"0":"post-137865","1":"post","2":"type-post","3":"status-publish","4":"format-standard","5":"has-post-thumbnail","7":"category-nantes","8":"tag-actu","9":"tag-actualites","10":"tag-eu","11":"tag-europe","12":"tag-fr","13":"tag-france","14":"tag-freres","15":"tag-musulmans","16":"tag-nantes","17":"tag-news","18":"tag-pays-de-la-loire","19":"tag-professeur","20":"tag-republique-francaise","21":"tag-soutiennent","22":"tag-sympathie","23":"tag-syndicats","24":"tag-targue","25":"tag-universite"},"share_on_mastodon":{"url":"https:\/\/pubeurope.com\/@fr\/114593566760404130","error":""},"_links":{"self":[{"href":"https:\/\/www.europesays.com\/fr\/wp-json\/wp\/v2\/posts\/137865","targetHints":{"allow":["GET"]}}],"collection":[{"href":"https:\/\/www.europesays.com\/fr\/wp-json\/wp\/v2\/posts"}],"about":[{"href":"https:\/\/www.europesays.com\/fr\/wp-json\/wp\/v2\/types\/post"}],"author":[{"embeddable":true,"href":"https:\/\/www.europesays.com\/fr\/wp-json\/wp\/v2\/users\/2"}],"replies":[{"embeddable":true,"href":"https:\/\/www.europesays.com\/fr\/wp-json\/wp\/v2\/comments?post=137865"}],"version-history":[{"count":0,"href":"https:\/\/www.europesays.com\/fr\/wp-json\/wp\/v2\/posts\/137865\/revisions"}],"wp:featuredmedia":[{"embeddable":true,"href":"https:\/\/www.europesays.com\/fr\/wp-json\/wp\/v2\/media\/137866"}],"wp:attachment":[{"href":"https:\/\/www.europesays.com\/fr\/wp-json\/wp\/v2\/media?parent=137865"}],"wp:term":[{"taxonomy":"category","embeddable":true,"href":"https:\/\/www.europesays.com\/fr\/wp-json\/wp\/v2\/categories?post=137865"},{"taxonomy":"post_tag","embeddable":true,"href":"https:\/\/www.europesays.com\/fr\/wp-json\/wp\/v2\/tags?post=137865"}],"curies":[{"name":"wp","href":"https:\/\/api.w.org\/{rel}","templated":true}]}}