{"id":137881,"date":"2025-05-29T22:57:14","date_gmt":"2025-05-29T22:57:14","guid":{"rendered":"https:\/\/www.europesays.com\/fr\/137881\/"},"modified":"2025-05-29T22:57:14","modified_gmt":"2025-05-29T22:57:14","slug":"il-faut-aller-plus-loin-dans-la-decentralisation-estime-renaud-muselier-sur-tf1","status":"publish","type":"post","link":"https:\/\/www.europesays.com\/fr\/137881\/","title":{"rendered":"\u00ab\u00a0Il faut aller plus loin dans la d\u00e9centralisation\u00a0\u00bb, estime Renaud Muselier sur TF1"},"content":{"rendered":"<p>Invit\u00e9 de TF1 ce mercredi matin 28 mai, <strong>Renaud Muselier<\/strong>, fra\u00eechement d\u00e9sign\u00e9 <a href=\"https:\/\/www.laprovence.com\/article\/elections\/6575305731685114\/municipales-2026-renaud-muselier-designe-pilote-de-renaissance-pour-la-campagne-a-marseille\" target=\"_blank\" rel=\"nofollow noopener\">\u00ab\u00a0pilote\u00a0\u00bb<\/a> de Renaissance pour les prochaines municipales \u00e0 Marseille, s&rsquo;est exprim\u00e9 sur diff\u00e9rents sujets, dont le budget de l&rsquo;\u00c9tat pour 2025. \u00ab\u00a0On a le pays le plus d\u00e9pensier au monde. Il va falloir trouver des solutions et se partager l&rsquo;effort, mais l&rsquo;effort doit \u00eatre \u00e9quilibr\u00e9\u00a0\u00bb, a lanc\u00e9 le pr\u00e9sident de la r\u00e9gion Provence-Alpes-C\u00f4te d&rsquo;Azur.<\/p>\n<p>\u00ab\u00a0Tout le monde veut des efforts, mais <strong>personne<\/strong> ne veut les faire. Nous, <a href=\"https:\/\/www.laprovence.com\/article\/region\/8095670447844414\/avec-karine-le-marchand-on-valorise-nos-agriculteurs-se-felicite-renaud-muselier\" target=\"_blank\" rel=\"nofollow noopener\">en r\u00e9gion Paca<\/a>, nous avons d\u00e9j\u00e0 fourni des efforts l&rsquo;an pass\u00e9. Donc, on ne peut pas nous demander des efforts tous les ans\u00a0\u00bb, a pest\u00e9 Renaud Muselier, pour qui les 40 milliards d&rsquo;euros d&rsquo;\u00e9conomies sont r\u00e9alistes. Le membre du parti Renaissance a d&rsquo;ailleurs tenu \u00e0 mettre en avant la <strong>diminution de 20%<\/strong> des abonnements des trains et des bus de la R\u00e9gion Sud pour les salari\u00e9s, \u00ab\u00a0car ce sont eux qui souffrent le plus\u00a0\u00bb, a-t-il estim\u00e9.<\/p>\n<p>Favorable \u00e0 une plus grande d\u00e9centralisation<\/p>\n<p>Pour Muselier, une plus grande <strong>d\u00e9centralisation<\/strong> permettrait de faire des \u00e9conomies. \u00ab\u00a0Il faut aller plus loin dans la d\u00e9centralisation car nous avons des structures en doublon avec l&rsquo;\u00c9tat\u00a0\u00bb. Autrement dit, il faudrait <strong>supprimer certaines structures<\/strong> au niveau national, dans le but de r\u00e9aliser des \u00e9conomies. \u00ab\u00a0Nous demandons \u00e0 l&rsquo;\u00c9tat de nous laisser faire, de faire confiance aux territoires\u00a0\u00bb, a-t-il lanc\u00e9.<\/p>\n<p>Le pr\u00e9sident de la r\u00e9gion a appuy\u00e9 son argumentaire par plusieurs exemples, \u00e9voquant notamment l&rsquo;Agence de la transition \u00e9cologique (ADEME) et l&rsquo;Onisep, qui r\u00e9pondent, selon lui, <strong>aux m\u00eames besoins<\/strong> que les r\u00e9gions.<\/p>\n<p>Muselier \u00ab\u00a0veut combattre\u00a0\u00bb l&rsquo;entrisme<\/p>\n<p>Autre sujet abord\u00e9\u00a0: le <a href=\"https:\/\/www.laprovence.com\/article\/faits-divers-justice\/54979118593619\/freres-musulmans-un-rapport-met-en-garde-contre-une-menace-pour-la-cohesion-nationale\" target=\"_blank\" rel=\"nofollow noopener\">rapport gouvernemental<\/a> sur l&rsquo;entrisme des Fr\u00e8res musulmans. \u00ab\u00a0Il faut le combattre. Et l&rsquo;interdiction du voile avant 15 ans est une solution\u00a0\u00bb, consid\u00e8re Renaud Muselier. Mais cette \u00ab\u00a0interdiction doit \u00eatre<strong> parfaitement constitutionnelle<\/strong>\u00ab\u00a0, temp\u00e8re-t-il.<\/p>\n<p>Dans ce m\u00eame rapport, <a href=\"https:\/\/www.laprovence.com\/article\/region\/232892892508614\/vision-alarmiste-ou-accablante-marseille-au-coeur-du-rapport-sur-l-entrisme-des-freres-musulmans\" target=\"_blank\" rel=\"nofollow noopener\">le coll\u00e8ge-lyc\u00e9e musulman Ibn Khaldoun<\/a> de Marseille est consid\u00e9r\u00e9 comme \u00e9tant le \u00ab\u00a0centre de l&rsquo;\u00e9cosyst\u00e8me fr\u00e9riste des Bouches-du-Rh\u00f4ne\u00a0\u00bb. Depuis, l&rsquo;\u00e9tablissement est coup\u00e9 de toute aide financi\u00e8re de la r\u00e9gion. \u00ab\u00a0Nous <strong>suspendrons cet argent<\/strong> jusqu&rsquo;\u00e0 ce que l&rsquo;on nous prouve que ce qui a \u00e9t\u00e9 \u00e9crit dans le rapport \u00e9tait faux\u00a0\u00bb, a conclu Renaud Muselier.<\/p>\n","protected":false},"excerpt":{"rendered":"Invit\u00e9 de TF1 ce mercredi matin 28 mai, Renaud Muselier, fra\u00eechement d\u00e9sign\u00e9 \u00ab\u00a0pilote\u00a0\u00bb de Renaissance pour les prochaines&hellip;\n","protected":false},"author":2,"featured_media":137882,"comment_status":"","ping_status":"","sticky":false,"template":"","format":"standard","meta":{"footnotes":""},"categories":[2814],"tags":[17,1111,11,7827,1003,1777,674,8290,1011,27,3707,11276,884,12,378,316,882,25],"class_list":{"0":"post-137881","1":"post","2":"type-post","3":"status-publish","4":"format-standard","5":"has-post-thumbnail","7":"category-marseille","8":"tag-17","9":"tag-actu","10":"tag-actualites","11":"tag-aller","12":"tag-budget","13":"tag-eu","14":"tag-europe","15":"tag-faut","16":"tag-fr","17":"tag-france","18":"tag-il","19":"tag-loin","20":"tag-marseille","21":"tag-news","22":"tag-plus","23":"tag-politique","24":"tag-provence-alpes-cote-dazur","25":"tag-republique-francaise"},"share_on_mastodon":{"url":"https:\/\/pubeurope.com\/@fr\/114593598207610718","error":""},"_links":{"self":[{"href":"https:\/\/www.europesays.com\/fr\/wp-json\/wp\/v2\/posts\/137881","targetHints":{"allow":["GET"]}}],"collection":[{"href":"https:\/\/www.europesays.com\/fr\/wp-json\/wp\/v2\/posts"}],"about":[{"href":"https:\/\/www.europesays.com\/fr\/wp-json\/wp\/v2\/types\/post"}],"author":[{"embeddable":true,"href":"https:\/\/www.europesays.com\/fr\/wp-json\/wp\/v2\/users\/2"}],"replies":[{"embeddable":true,"href":"https:\/\/www.europesays.com\/fr\/wp-json\/wp\/v2\/comments?post=137881"}],"version-history":[{"count":0,"href":"https:\/\/www.europesays.com\/fr\/wp-json\/wp\/v2\/posts\/137881\/revisions"}],"wp:featuredmedia":[{"embeddable":true,"href":"https:\/\/www.europesays.com\/fr\/wp-json\/wp\/v2\/media\/137882"}],"wp:attachment":[{"href":"https:\/\/www.europesays.com\/fr\/wp-json\/wp\/v2\/media?parent=137881"}],"wp:term":[{"taxonomy":"category","embeddable":true,"href":"https:\/\/www.europesays.com\/fr\/wp-json\/wp\/v2\/categories?post=137881"},{"taxonomy":"post_tag","embeddable":true,"href":"https:\/\/www.europesays.com\/fr\/wp-json\/wp\/v2\/tags?post=137881"}],"curies":[{"name":"wp","href":"https:\/\/api.w.org\/{rel}","templated":true}]}}