{"id":137894,"date":"2025-05-29T23:05:09","date_gmt":"2025-05-29T23:05:09","guid":{"rendered":"https:\/\/www.europesays.com\/fr\/137894\/"},"modified":"2025-05-29T23:05:09","modified_gmt":"2025-05-29T23:05:09","slug":"previsions-du-vendredi-30-mai-2025","status":"publish","type":"post","link":"https:\/\/www.europesays.com\/fr\/137894\/","title":{"rendered":"pr\u00e9visions du vendredi 30 mai 2025"},"content":{"rendered":"<p>Aujourd&rsquo;hui, les Parisiens vont pouvoir profiter d&rsquo;un soleil radieux. Les valeurs s&rsquo;\u00e9chelonneront entre 15 et 29\u00b0C. Un vent de sud-ouest rafra\u00eechira quelque peu l&rsquo;atmosph\u00e8re. Il va faire en moyenne 22\u00b0C, le matin. Les temp\u00e9ratures vont grimper pendant l&rsquo;apr\u00e8s-midi de plusieurs degr\u00e9s. Les valeurs seront comprises entre 27 et 29\u00b0C. Une nuit claire vous attendra entre vendredi et samedi.<\/p>\n<p>Toujours de la grisaille demain. Les nuages vont s&rsquo;attarder sur Paris. Le mercure affichera 22\u00b0C en moyenne. Un modeste vent de nord-ouest sera ressenti par les habitants. Un temps voil\u00e9 avec une apparition de nuages est annonc\u00e9 dans la matin\u00e9e. Des pluies \u00e9parses vont tomber sur la ville. Des averses arriveront demain apr\u00e8s-midi. En revanche, la m\u00e9t\u00e9o va se r\u00e9chauffer avec une augmentation de quelques degr\u00e9s. Les valeurs seront de 22\u00b0C au plus bas et de 27\u00b0C au plus haut. La soir\u00e9e se passera sous un ciel mitig\u00e9, marqu\u00e9e par de l\u00e9g\u00e8res averses.<\/p>\n<p>Une am\u00e9lioration est \u00e0 pr\u00e9voir les jours suivants. Il va faire un temps plut\u00f4t ensoleill\u00e9 avec des temp\u00e9ratures autour de 17\u00b0C.<\/p>\n<p><\/p>\n","protected":false},"excerpt":{"rendered":"Aujourd&rsquo;hui, les Parisiens vont pouvoir profiter d&rsquo;un soleil radieux. Les valeurs s&rsquo;\u00e9chelonneront entre 15 et 29\u00b0C. Un vent&hellip;\n","protected":false},"author":2,"featured_media":137895,"comment_status":"","ping_status":"","sticky":false,"template":"","format":"standard","meta":{"footnotes":""},"categories":[1888],"tags":[11,1777,674,1011,27,662,12,626,2119,25],"class_list":{"0":"post-137894","1":"post","2":"type-post","3":"status-publish","4":"format-standard","5":"has-post-thumbnail","7":"category-paris","8":"tag-actualites","9":"tag-eu","10":"tag-europe","11":"tag-fr","12":"tag-france","13":"tag-ile-de-france","14":"tag-news","15":"tag-paris","16":"tag-previsions-meteo","17":"tag-republique-francaise"},"share_on_mastodon":{"url":"https:\/\/pubeurope.com\/@fr\/114593629813117004","error":""},"_links":{"self":[{"href":"https:\/\/www.europesays.com\/fr\/wp-json\/wp\/v2\/posts\/137894","targetHints":{"allow":["GET"]}}],"collection":[{"href":"https:\/\/www.europesays.com\/fr\/wp-json\/wp\/v2\/posts"}],"about":[{"href":"https:\/\/www.europesays.com\/fr\/wp-json\/wp\/v2\/types\/post"}],"author":[{"embeddable":true,"href":"https:\/\/www.europesays.com\/fr\/wp-json\/wp\/v2\/users\/2"}],"replies":[{"embeddable":true,"href":"https:\/\/www.europesays.com\/fr\/wp-json\/wp\/v2\/comments?post=137894"}],"version-history":[{"count":0,"href":"https:\/\/www.europesays.com\/fr\/wp-json\/wp\/v2\/posts\/137894\/revisions"}],"wp:featuredmedia":[{"embeddable":true,"href":"https:\/\/www.europesays.com\/fr\/wp-json\/wp\/v2\/media\/137895"}],"wp:attachment":[{"href":"https:\/\/www.europesays.com\/fr\/wp-json\/wp\/v2\/media?parent=137894"}],"wp:term":[{"taxonomy":"category","embeddable":true,"href":"https:\/\/www.europesays.com\/fr\/wp-json\/wp\/v2\/categories?post=137894"},{"taxonomy":"post_tag","embeddable":true,"href":"https:\/\/www.europesays.com\/fr\/wp-json\/wp\/v2\/tags?post=137894"}],"curies":[{"name":"wp","href":"https:\/\/api.w.org\/{rel}","templated":true}]}}