{"id":13791,"date":"2025-04-09T23:43:14","date_gmt":"2025-04-09T23:43:14","guid":{"rendered":"https:\/\/www.europesays.com\/fr\/13791\/"},"modified":"2025-04-09T23:43:14","modified_gmt":"2025-04-09T23:43:14","slug":"les-gendarmes-lancent-un-appel-a-temoins-apres-la-disparition-dun-homme-pres-de-toulouse","status":"publish","type":"post","link":"https:\/\/www.europesays.com\/fr\/13791\/","title":{"rendered":"Les gendarmes lancent un appel \u00e0 t\u00e9moins apr\u00e8s la disparition d&rsquo;un homme pr\u00e8s de Toulouse"},"content":{"rendered":"<p>            Par<br \/>\n        <strong><br \/>\n            <a href=\"https:\/\/actu.fr\/auteur\/lucie-2\" title=\"Consulter tous les articles de Lucie Fraisse\" rel=\"nofollow noopener\" target=\"_blank\">Lucie Fraisse<\/a><br \/>\n        <\/strong><\/p>\n<p>        Publi\u00e9 le<\/p>\n<p>            8 avr. 2025 \u00e0 15h48        <\/p>\n<p>Il n\u2019a pas donn\u00e9 de nouvelles depuis dimanche. La gendarmerie de la Haute-Garonne vient de lancer un appel \u00e0 t\u00e9moins apr\u00e8s la disparition d\u2019un homme de 81 ans, <a href=\"https:\/\/actu.fr\/toulouse\/\" rel=\"nofollow noopener\" target=\"_blank\">pr\u00e8s de Toulouse<\/a>.<\/p>\n<p>    <a href=\"https:\/\/www.google.com\/maps\/embed?pb=!1m18!1m12!1m3!1d33296.46830288831!2d1.2292495171390991!3d43.36448155638576!2m3!1f0!2f0!3f0!3m2!1i1024!2i768!4f13.1!3m3!1m2!1s0x12aecc3593a6484d%3A0x406f69c2f4119f0!2s31410%20No%C3%A9!5e1!3m2!1sfr!2sfr!4v1744119501825!5m2!1sfr!2sfr\" title=\"Ouvrie le lien\" rel=\"nofollow noopener\" target=\"_blank\">Cliquez ici pour visualiser le contenu<\/a><\/p>\n<p>Il quitte le domicile de sa fille\u00a0<\/p>\n<p class=\" wall-content\">Jean-Claude Vally a quitt\u00e9 le domicile de sa fille situ\u00e9 \u00e0 <strong>No\u00e9<\/strong>, le dimanche 6 avril 2025. Sa famille est depuis sans nouvelle.<\/p>\n<p>    <a href=\"https:\/\/www.facebook.com\/plugins\/post.php?href=https%3A%2F%2Fwww.facebook.com%2FGGD31%2Fposts%2Fpfbid02zEYc3yS5si2SHRSdn8LDMLsqEXFSH5HmWRJQpTyNpK7dbyYKUBgCPh5GbnBrp7eAl&amp;show_text=true&amp;width=350\" title=\"Ouvrie le lien\" rel=\"nofollow noopener\" target=\"_blank\">Cliquez ici pour visualiser le contenu<\/a><\/p>\n<p>Contacter la gendarmerie\u00a0<\/p>\n<p class=\" wall-content\">Voici comment les gendarmes d\u00e9crivent le disparu : \u00ab\u00a0homme type caucasien, 1,75m, corpulence normale,<strong> cheveux grisonnants, bonne forme physique<\/strong>\u00ab\u00a0. Au moment de sa disparition, il \u00e9tait v\u00eatu d\u2019un jean bleu fonc\u00e9, d\u2019une chemise \u00e0 carreau et d\u2019une veste fonc\u00e9e.<\/p>\n<p class=\" wall-content\">Toutes personnes disposant d\u2019information permettant de localiser Jean-Claude Vally est pri\u00e9e de contacter la communaut\u00e9 de brigade <strong>de Carbonne au 05 61 87 83 17<\/strong>.<\/p>\n<p>Vid\u00e9os : en ce moment sur Actu<\/p>\n<p class=\" wall-content\">Suivez toute l\u2019actualit\u00e9 de vos villes et m\u00e9dias favoris en vous inscrivant \u00e0 <a href=\"https:\/\/moncompte.actu.fr\" title=\"D\u00e9couvez Mon Actu\" rel=\"nofollow noopener\" data-trk=\"{&quot;cta&quot;:{&quot;action&quot;:&quot;https:\\\/\\\/moncompte.actu.fr&quot;,&quot;category&quot;:&quot;mon compte&quot;,&quot;from&quot;:&quot;article footer&quot;,&quot;name&quot;:&quot;Mon actu&quot;,&quot;type&quot;:&quot;cta&quot;}}\" target=\"_blank\">Mon Actu<\/a>.<\/p>\n<ul class=\"ac-article-tag wall-content\">\n<li><a href=\"https:\/\/actu.fr\/tag\/disparition\" data-trk=\"{&quot;cta&quot;:{&quot;action&quot;:&quot;Disparition inqui\\u00e9tante&quot;,&quot;category&quot;:&quot;tag&quot;,&quot;from&quot;:&quot;article footer&quot;,&quot;name&quot;:&quot;Disparition inqui\\u00e9tante&quot;,&quot;type&quot;:&quot;cta&quot;}}\" rel=\"nofollow noopener\" target=\"_blank\">#Disparition inqui\u00e9tante<\/a><\/li>\n<\/ul>\n","protected":false},"excerpt":{"rendered":"Par Lucie Fraisse Publi\u00e9 le 8 avr. 2025 \u00e0 15h48 Il n\u2019a pas donn\u00e9 de nouvelles depuis dimanche.&hellip;\n","protected":false},"author":2,"featured_media":13792,"comment_status":"","ping_status":"","sticky":false,"template":"","format":"standard","meta":{"footnotes":""},"categories":[2816],"tags":[1111,11,3676,1777,674,118,1011,27,12,2680,25,2312],"class_list":{"0":"post-13791","1":"post","2":"type-post","3":"status-publish","4":"format-standard","5":"has-post-thumbnail","7":"category-toulouse","8":"tag-actu","9":"tag-actualites","10":"tag-disparition-inquietante","11":"tag-eu","12":"tag-europe","13":"tag-faits-divers","14":"tag-fr","15":"tag-france","16":"tag-news","17":"tag-occitanie","18":"tag-republique-francaise","19":"tag-toulouse"},"share_on_mastodon":{"url":"https:\/\/pubeurope.com\/@fr\/114310663605664383","error":""},"_links":{"self":[{"href":"https:\/\/www.europesays.com\/fr\/wp-json\/wp\/v2\/posts\/13791","targetHints":{"allow":["GET"]}}],"collection":[{"href":"https:\/\/www.europesays.com\/fr\/wp-json\/wp\/v2\/posts"}],"about":[{"href":"https:\/\/www.europesays.com\/fr\/wp-json\/wp\/v2\/types\/post"}],"author":[{"embeddable":true,"href":"https:\/\/www.europesays.com\/fr\/wp-json\/wp\/v2\/users\/2"}],"replies":[{"embeddable":true,"href":"https:\/\/www.europesays.com\/fr\/wp-json\/wp\/v2\/comments?post=13791"}],"version-history":[{"count":0,"href":"https:\/\/www.europesays.com\/fr\/wp-json\/wp\/v2\/posts\/13791\/revisions"}],"wp:featuredmedia":[{"embeddable":true,"href":"https:\/\/www.europesays.com\/fr\/wp-json\/wp\/v2\/media\/13792"}],"wp:attachment":[{"href":"https:\/\/www.europesays.com\/fr\/wp-json\/wp\/v2\/media?parent=13791"}],"wp:term":[{"taxonomy":"category","embeddable":true,"href":"https:\/\/www.europesays.com\/fr\/wp-json\/wp\/v2\/categories?post=13791"},{"taxonomy":"post_tag","embeddable":true,"href":"https:\/\/www.europesays.com\/fr\/wp-json\/wp\/v2\/tags?post=13791"}],"curies":[{"name":"wp","href":"https:\/\/api.w.org\/{rel}","templated":true}]}}