{"id":137910,"date":"2025-05-29T23:13:09","date_gmt":"2025-05-29T23:13:09","guid":{"rendered":"https:\/\/www.europesays.com\/fr\/137910\/"},"modified":"2025-05-29T23:13:09","modified_gmt":"2025-05-29T23:13:09","slug":"vingt-ans-apres-un-non-sans-reelle-consequence-sur-lue-liberation","status":"publish","type":"post","link":"https:\/\/www.europesays.com\/fr\/137910\/","title":{"rendered":"vingt\u00a0ans apr\u00e8s, un \u00abnon\u00bb sans r\u00e9elle cons\u00e9quence sur l\u2019UE \u2013 Lib\u00e9ration"},"content":{"rendered":"<p class=\"sc-ksZaOG ehjQrN text-element\">Que reste-t-il, vingt ans apr\u00e8s, du double <a href=\"https:\/\/www.liberation.fr\/politique\/vingt-ans-du-non-au-referendum-sur-leurope-a-gauche-un-debat-assagi-mais-toujours-des-cicatrices-20250527_5A7XUI26LNG5BNQMEVYSBYJSGY\/\" target=\"_blank\" rel=\"noopener\" title=\"https:\/\/www.liberation.fr\/politique\/vingt-ans-du-non-au-referendum-sur-leurope-a-gauche-un-debat-assagi-mais-toujours-des-cicatrices-20250527_5A7XUI26LNG5BNQMEVYSBYJSGY\/\">\u00abnon\u00bb fran\u00e7ais<\/a> (\u00e0 54,7 % le 29 mai) et n\u00e9erlandais (\u00e0 61,5 % le 1er juin) au projet de trait\u00e9 \u00e9tablissant une Constitution pour l\u2019Europe (TCE) ? Rien, en r\u00e9alit\u00e9 : l\u2019Union a non seulement poursuivi son chemin, mais, sous les coups des crises int\u00e9rieures et des chocs ext\u00e9rieurs, elle a acc\u00e9l\u00e9r\u00e9 son int\u00e9gration. Contrairement \u00e0 ce qu\u2019esp\u00e9raient les tenants du <a href=\"https:\/\/www.liberation.fr\/politique\/referendum-de-2005-sur-leurope-avec-le-souverainisme-des-deux-rives-la-collusion-droite-gauche-reste-a-quai-20250528_6IWP7FZRFNBJZJCM27EC3YFAXQ\/\" target=\"_blank\" rel=\"noopener\" title=\"https:\/\/www.liberation.fr\/politique\/referendum-de-2005-sur-leurope-avec-le-souverainisme-des-deux-rives-la-collusion-droite-gauche-reste-a-quai-20250528_6IWP7FZRFNBJZJCM27EC3YFAXQ\/\">\u00abnon\u00bb souverainiste<\/a>, elle a encaiss\u00e9 le choc sans broncher. Mieux, le sentiment pro-europ\u00e9en n\u2019a cess\u00e9 de cro\u00eetre, ce qui a conduit la tr\u00e8s grande majorit\u00e9 des partis d\u2019extr\u00eame droite et d\u2019extr\u00eame gauche \u00e0 renoncer \u00e0 militer pour une sortie de l\u2019Union pour pr\u00f4ner une transformation de l\u2019int\u00e9rieur, bref <\/p>\n","protected":false},"excerpt":{"rendered":"Que reste-t-il, vingt ans apr\u00e8s, du double \u00abnon\u00bb fran\u00e7ais (\u00e0 54,7 % le 29 mai) et n\u00e9erlandais (\u00e0&hellip;\n","protected":false},"author":2,"featured_media":137911,"comment_status":"","ping_status":"","sticky":false,"template":"","format":"standard","meta":{"footnotes":""},"categories":[1586],"tags":[11,26424,1777,674,1779,1011,27,12,3091,20582,25,1778,297,364],"class_list":{"0":"post-137910","1":"post","2":"type-post","3":"status-publish","4":"format-standard","5":"has-post-thumbnail","7":"category-europe","8":"tag-actualites","9":"tag-constitution-europeenne","10":"tag-eu","11":"tag-europe","12":"tag-european-union","13":"tag-fr","14":"tag-france","15":"tag-news","16":"tag-nicolas-sarkozy","17":"tag-referendums","18":"tag-republique-francaise","19":"tag-ue","20":"tag-ukraine-la-crise","21":"tag-union-europeenne"},"share_on_mastodon":{"url":"https:\/\/pubeurope.com\/@fr\/114593661169413529","error":""},"_links":{"self":[{"href":"https:\/\/www.europesays.com\/fr\/wp-json\/wp\/v2\/posts\/137910","targetHints":{"allow":["GET"]}}],"collection":[{"href":"https:\/\/www.europesays.com\/fr\/wp-json\/wp\/v2\/posts"}],"about":[{"href":"https:\/\/www.europesays.com\/fr\/wp-json\/wp\/v2\/types\/post"}],"author":[{"embeddable":true,"href":"https:\/\/www.europesays.com\/fr\/wp-json\/wp\/v2\/users\/2"}],"replies":[{"embeddable":true,"href":"https:\/\/www.europesays.com\/fr\/wp-json\/wp\/v2\/comments?post=137910"}],"version-history":[{"count":0,"href":"https:\/\/www.europesays.com\/fr\/wp-json\/wp\/v2\/posts\/137910\/revisions"}],"wp:featuredmedia":[{"embeddable":true,"href":"https:\/\/www.europesays.com\/fr\/wp-json\/wp\/v2\/media\/137911"}],"wp:attachment":[{"href":"https:\/\/www.europesays.com\/fr\/wp-json\/wp\/v2\/media?parent=137910"}],"wp:term":[{"taxonomy":"category","embeddable":true,"href":"https:\/\/www.europesays.com\/fr\/wp-json\/wp\/v2\/categories?post=137910"},{"taxonomy":"post_tag","embeddable":true,"href":"https:\/\/www.europesays.com\/fr\/wp-json\/wp\/v2\/tags?post=137910"}],"curies":[{"name":"wp","href":"https:\/\/api.w.org\/{rel}","templated":true}]}}