{"id":137926,"date":"2025-05-29T23:23:11","date_gmt":"2025-05-29T23:23:11","guid":{"rendered":"https:\/\/www.europesays.com\/fr\/137926\/"},"modified":"2025-05-29T23:23:11","modified_gmt":"2025-05-29T23:23:11","slug":"arthur-fils-grandit-dans-la-douleur-richard-gasquet-seclipse-lois-boisson-petille","status":"publish","type":"post","link":"https:\/\/www.europesays.com\/fr\/137926\/","title":{"rendered":"Arthur Fils grandit dans la douleur, Richard Gasquet s\u2019\u00e9clipse, Lo\u00efs Boisson p\u00e9tille"},"content":{"rendered":"<p>Apr\u00e8s une \u00e9norme frayeur, le num\u00e9ro\u00a01 fran\u00e7ais a valid\u00e9 son ticket pour le 3e\u00a0tour, alors que son a\u00een\u00e9, logiquement domin\u00e9 par Jannik Sinner, a dit adieu au tennis de haut niveau \u00e0 38\u00a0ans.<\/p>\n<p>Arthur Fils au bout de lui-m\u00eame<\/p>\n<p class=\"fig-paragraph\">Apr\u00e8s avoir balanc\u00e9 son T-shirt dans les tribunes,\u00a0<a href=\"http:\/\/www.lefigaro.fr\/sports\/tennis\/roland-garros\/roland-garros-le-marathon-epique-de-arthur-fils-20250529\" data-fig-type=\"NewsFlash\" data-gtm-custom-categorie=\"navigation\" data-gtm-custom-action=\"crossclick\" data-gtm-custom-label=\"Contextuel\" data-gtm-event=\"customEventSPE\" data-fig-domain=\"LEFIGARO\" target=\"_blank\" rel=\"noopener\">Arthur Fils<\/a>\u00a0en transe a savour\u00e9 la Marseillaise entonn\u00e9e par le public du court Suzanne-Lenglen. \u00ab\u00a0Ici c\u2019est Paris\u00a0!\u00a0\u00bb, a l\u00e2ch\u00e9 ce supporteur du PSG qui compte bien ne pas jouer son 3e\u00a0tour samedi soir au m\u00eame moment que la finale de la Ligue des champions\u2026 Face au coriace espagnol Jaume Munar, le 14e\u00a0mondial s\u2019est offert jeudi la premi\u00e8re grosse \u00e9motion de sa jeune carri\u00e8re sur un Suzanne-Lenglen bouillant, au terme d\u2019un combat de 4\u00a0h\u00a025 (7-6 (7\/3), 7-6 (7\/4), 2-6, 0-6, 6-4).<\/p>\n<p class=\"fig-paragraph\">Diminu\u00e9 physiquement, tout proche de l\u2019abandon, \u00ab\u00a0j\u2019ai mal, j\u2019ai mal\u00a0\u00bb, a-t-il lanc\u00e9 \u00e0 son clan \u00e0 5-5 dans le dernier acte, le charismatique espoir a su s\u2019appuyer sur un public d\u00e9cha\u00een\u00e9, pour trouver les ressources mentales et physiques et encha\u00eener un deuxi\u00e8me succ\u00e8s sur la terre battue parisienne. \u00ab\u00a0J\u2019\u00e9tais au bout du bout du rouleau. Il n\u2019y avait plus rien qui marchait, tout le corps n\u2019en pouvait plus. Je suis \u00e0 Roland-Garros, je ne suis pas au fin fond de l\u2019Asie. Il y a tout un public derri\u00e8re moi, ils sont 10.000, j\u2019entends mon nom apr\u00e8s tous les points. Donc il \u00e9tait hors de question d\u2019abandonner\u00a0\u00bb. Touch\u00e9 \u00e0 une cuisse au milieu du 3e\u00a0set, puis au dos, Arthur Fils a progressivement perdu le fil, malgr\u00e9 ses deux sets d\u2019avance.<\/p>\n<p class=\"fig-body-link\">\n            \u00c0 lire aussi<br \/>\n        <a class=\"fig-body-link__link fig-premium-mark\" href=\"http:\/\/www.lefigaro.fr\/sports\/tennis\/roland-garros\/un-cap-a-franchir-sur-le-plan-mental-positif-et-determine-arthur-fils-est-tres-attendu-a-roland-garros-20250524\" data-fig-type=\"Article\" data-gtm-custom-categorie=\"navigation\" data-gtm-custom-action=\"crossclick\" data-gtm-custom-label=\"Contextuel\" data-gtm-event=\"customEventSPE\" data-fig-domain=\"LEFIGARO\" target=\"_blank\" rel=\"noopener\">\u00abUn cap \u00e0 franchir sur le plan mental\u00bb\u00a0: positif et d\u00e9termin\u00e9, Arthur Fils est tr\u00e8s attendu \u00e0 Roland-Garros<br \/>\n    <\/a>\n<\/p>\n<p class=\"fig-paragraph\">Les anti-inflammatoires semblant avoir fait leur effet, il a su serrer les dents pour conclure d\u00e8s sa premi\u00e8re balle de match apr\u00e8s avoir effac\u00e9 cinq balles de break \u00e0 4-4 dans l\u2019ultime manche. Il a d\u00e9sormais 48\u00a0heures pour se remettre d\u2019aplomb avant d\u2019affronter le Russe Andrey Rublev, en regain de forme\u00a0: \u00ab\u00a0J\u2019ai des probl\u00e8mes au dos, ce n\u2019est vraiment pas facile, je vais devoir en parler avec mon \u00e9quipe et on va voir\u00a0\u00bb.<\/p>\n<p>Gasquet, clap de fin<\/p>\n<p class=\"fig-paragraph\"><a href=\"http:\/\/www.lefigaro.fr\/sports\/tennis\/roland-garros\/roland-garros-meme-surclasse-par-jannik-sinner-richard-gasquet-n-a-pas-rate-sa-sortie-20250529\" data-fig-type=\"NewsFlash\" data-gtm-custom-categorie=\"navigation\" data-gtm-custom-action=\"crossclick\" data-gtm-custom-label=\"Contextuel\" data-gtm-event=\"customEventSPE\" data-fig-domain=\"LEFIGARO\" target=\"_blank\" rel=\"noopener\">Logiquement domin\u00e9 en trois manches par Jannik Sinner (6-3, 6-0, 6-4)<\/a>, peu sentimental, bouclant l\u2019affaire en moins de deux heures, Richard Gasquet a offert pour sa der des ders quelques jolies fulgurances au public parisien face \u00e0 l\u2019impitoyable Italien. C\u2019est sur un coup droit trop long apr\u00e8s deux derniers revers cristallins, sa marque de fabrique, que le v\u00e9t\u00e9ran de presque 39\u00a0ans a dit adieu au haut niveau \u00e0 16\u00a0h\u00a017, ce jeudi. La boucle est boucl\u00e9e pour son 22e et ultime Roland-Garros. En raison d\u2019un mollet douloureux, le Biterrois avait pr\u00e9par\u00e9 son dernier tournoi sans v\u00e9ritable rep\u00e8re.<\/p>\n<p class=\"fig-paragraph\">Il s\u2019arr\u00eate donc l\u00e0, \u00e0 1018 rencontres (610\u00a0victoires &#8211; 410\u00a0d\u00e9faites) sur le circuit professionnel et une d\u00e9faite contre le num\u00e9ro\u00a01 mondial sur le central de Roland-Garros. Il y a pire comme \u00e9pilogue. \u00ab\u00a0J\u2019ai beaucoup pens\u00e9 \u00e0 ce jour, m\u00eame si j\u2019aurais aim\u00e9 qu\u2019il n\u2019arrive jamais. \u00c7a arrive sur ce plus beau court du monde (\u2026) Le tennis fran\u00e7ais est magnifique, vous ne m\u2019avez jamais l\u00e2ch\u00e9, j\u2019aurais des souvenirs \u00e0 vie gr\u00e2ce \u00e0 ce public. Vous m\u2019avez fait vivre des \u00e9motions extraordinaires. Mais la passion du tennis restera jusqu\u2019\u00e0 la fin de ma vie.\u00a0\u00bb Top 10 pendant plus de 150\u00a0semaines, 7e\u00a0mondial en 2007, trois fois demi-finaliste en Grand Chelem (Wimbledon 2007 et 2015, US Open 2013), 3e Fran\u00e7ais le plus titr\u00e9 de l\u2019histoire avec 16\u00a0titres, le natif de S\u00e9rignan a marqu\u00e9 l\u2019histoire du tennis fran\u00e7ais de ces quinze derni\u00e8res ann\u00e9es. Il a re\u00e7u une standing ovation m\u00e9rit\u00e9e de la part du court Philippe Chatrier lors d\u2019un hommage tr\u00e8s sobre.<\/p>\n<p>    Richard Gasquet quitte le court apr\u00e8s le dernier match de sa carri\u00e8re.<br \/>\n                Stephanie Lecocq \/ REUTERS<\/p>\n<p><strong>Un duel 100% bleue au troisi\u00e8me tour<\/strong><\/p>\n<p class=\"fig-paragraph\">Bless\u00e9e l\u2019an pass\u00e9, Lo\u00efs Boisson, 361e\u00a0mondiale, avait d\u00fb renoncer \u00e0 son invitation. Elle en fait parfaitement honneur cette ann\u00e9e pour un joli sourire \u00e0 un tennis f\u00e9minin tricolore en crise. Apr\u00e8s avoir domin\u00e9 en trois sets la Belge Elise Mertens (6-4, 4-6, 6-3), t\u00eate de s\u00e9rie 24 au premier tour, la Dijonnaise de 22\u00a0ans s\u2019est offert le scalp jeudi de l\u2019Ukrainienne Anhelina Kalinina (6-1, 6-2). Elle a \u00e9t\u00e9 rejointe au 3e tour par la Lyonnaise Elsa Jacquemot (138e), \u00e9galement b\u00e9n\u00e9ficiaire d\u2019une invitation, a domin\u00e9 l\u2019Am\u00e9ricaine Alycia Parks (52e) 6-2, 6-7 (4\/7), 6-1. Il y aura donc une Fran\u00e7aise en huiti\u00e8mes de finale, ce qui \u00e9gale la performance de Varvara Gracheva en 2024. . L\u00e9olia Jeanjean ne s\u2019invite pas \u00e0 la f\u00eate. La future num\u00e9ro un fran\u00e7aise s\u2019est inclin\u00e9e en fin de soir\u00e9e contre Daria Kasatkina (6-4, 6-2).<\/p>\n<p class=\"fig-body-link\">\n            \u00c0 lire aussi<br \/>\n        <a class=\"fig-body-link__link fig-premium-mark\" href=\"http:\/\/www.lefigaro.fr\/sports\/tennis\/roland-garros\/ca-commence-a-devenir-ridicule-entre-esprit-de-paris-2024-et-exces-une-fievre-bleue-au-double-visage-s-invite-a-roland-garros-20250529\" data-fig-type=\"Article\" data-gtm-custom-categorie=\"navigation\" data-gtm-custom-action=\"crossclick\" data-gtm-custom-label=\"Contextuel\" data-gtm-event=\"customEventSPE\" data-fig-domain=\"LEFIGARO\" target=\"_blank\" rel=\"noopener\">\u00ab\u00c7a commence \u00e0 devenir ridicule\u00bb: entre esprit de Paris 2024 et exc\u00e8s, une fi\u00e8vre bleue au double visage s\u2019invite \u00e0 Roland-Garros<br \/>\n    <\/a>\n<\/p>\n<p>Pas d\u2019exploit pour Monfils, Moutet et Herbert<\/p>\n<p class=\"fig-paragraph\">Malgr\u00e9 une magnifique r\u00e9sistance et dans une ambiance de feu, le v\u00e9t\u00e9ran Gael Monfils a c\u00e9d\u00e9 face \u00e0 la t\u00eate de s\u00e9rie 5 Jack Draper (6-3, 4-6, 6-3, 7-5). Face \u00e0 l\u2019ancien num\u00e9ro 1 mondial Novak Djokovic, Corentin Moutet a obtenu une balle de set dans la troisi\u00e8me manche, avant de finalement s\u2019\u00e9crouler dans le tie-break et de s\u2019incliner logiquement face au v\u00e9t\u00e9ran serbe de 38 ans.(6-3, 6-2, 7-6 (7\/1). Pierre-Hugues Herbert a, de son c\u00f4t\u00e9, logiquement c\u00e9d\u00e9 face \u00e0 la p\u00e9pite br\u00e9silienne Joao Fonseca (7-6 (7\/4), 7-6 (7\/4), 6-4). Cruel \u00e9pilogue pour Ugo Humbert. Le num\u00e9ro 2 tricolore a abandonn\u00e9, touch\u00e9 \u00e0 la jambe droite apr\u00e8s une glissade, face au Britannique Jacob Fearnley. Le gaucher messin avait perdu le premier set 6-3 mais venait de breaker son adversaire pour mener 4-3 avant de se blesser\u2026. Le grand Bondinois (1,91\u00a0m)\u00a0<a href=\"http:\/\/www.lefigaro.fr\/sports\/tennis\/roland-garros\/roland-garros-rune-fait-respecter-son-rang-contre-nava-et-retrouvera-halys-20250528\" data-fig-type=\"NewsFlash\" data-gtm-custom-categorie=\"navigation\" data-gtm-custom-action=\"crossclick\" data-gtm-custom-label=\"Contextuel\" data-gtm-event=\"customEventSPE\" data-fig-domain=\"LEFIGARO\" target=\"_blank\" rel=\"noopener\">Quentin Halys d\u00e9fie au 3e\u00a0tour la t\u00eate de s\u00e9rie num\u00e9ro 10 Holger Rune<\/a>, ce vendredi. Pas un cadeau. Mais pas une mission impossible, non plus, car au m\u00eame stade de la comp\u00e9tition \u00e0 Wimbledon, le Francilien avait men\u00e9 deux sets z\u00e9ro contre le Danois l\u2019an dernier avant de coincer.<\/p>\n","protected":false},"excerpt":{"rendered":"Apr\u00e8s une \u00e9norme frayeur, le num\u00e9ro\u00a01 fran\u00e7ais a valid\u00e9 son ticket pour le 3e\u00a0tour, alors que son a\u00een\u00e9,&hellip;\n","protected":false},"author":2,"featured_media":137927,"comment_status":"","ping_status":"","sticky":false,"template":"","format":"standard","meta":{"footnotes":""},"categories":[1412],"tags":[4169,105,1451,2199,1452,1453,1454,1455,1011,27,24473,1960,24472,6432,4171,60,1467,4170],"class_list":{"0":"post-137926","1":"post","2":"type-post","3":"status-publish","4":"format-standard","5":"has-post-thumbnail","7":"category-f1","8":"tag-atp","9":"tag-djokovic","10":"tag-f1","11":"tag-federer","12":"tag-formula-1","13":"tag-formula1","14":"tag-formule-1","15":"tag-formule1","16":"tag-fr","17":"tag-france","18":"tag-internationaux-de-france","19":"tag-nadal","20":"tag-rg","21":"tag-richard-gasquet","22":"tag-roland-garros","23":"tag-sports","24":"tag-tennis","25":"tag-wta"},"share_on_mastodon":{"url":"https:\/\/pubeurope.com\/@fr\/114593700435739141","error":""},"_links":{"self":[{"href":"https:\/\/www.europesays.com\/fr\/wp-json\/wp\/v2\/posts\/137926","targetHints":{"allow":["GET"]}}],"collection":[{"href":"https:\/\/www.europesays.com\/fr\/wp-json\/wp\/v2\/posts"}],"about":[{"href":"https:\/\/www.europesays.com\/fr\/wp-json\/wp\/v2\/types\/post"}],"author":[{"embeddable":true,"href":"https:\/\/www.europesays.com\/fr\/wp-json\/wp\/v2\/users\/2"}],"replies":[{"embeddable":true,"href":"https:\/\/www.europesays.com\/fr\/wp-json\/wp\/v2\/comments?post=137926"}],"version-history":[{"count":0,"href":"https:\/\/www.europesays.com\/fr\/wp-json\/wp\/v2\/posts\/137926\/revisions"}],"wp:featuredmedia":[{"embeddable":true,"href":"https:\/\/www.europesays.com\/fr\/wp-json\/wp\/v2\/media\/137927"}],"wp:attachment":[{"href":"https:\/\/www.europesays.com\/fr\/wp-json\/wp\/v2\/media?parent=137926"}],"wp:term":[{"taxonomy":"category","embeddable":true,"href":"https:\/\/www.europesays.com\/fr\/wp-json\/wp\/v2\/categories?post=137926"},{"taxonomy":"post_tag","embeddable":true,"href":"https:\/\/www.europesays.com\/fr\/wp-json\/wp\/v2\/tags?post=137926"}],"curies":[{"name":"wp","href":"https:\/\/api.w.org\/{rel}","templated":true}]}}