{"id":137932,"date":"2025-05-29T23:26:10","date_gmt":"2025-05-29T23:26:10","guid":{"rendered":"https:\/\/www.europesays.com\/fr\/137932\/"},"modified":"2025-05-29T23:26:10","modified_gmt":"2025-05-29T23:26:10","slug":"bernard-tapie-le-gros-couac-derriere-la-naissance-dun-de-ses-enfants","status":"publish","type":"post","link":"https:\/\/www.europesays.com\/fr\/137932\/","title":{"rendered":"Bernard Tapie\u00a0: le gros couac derri\u00e8re la naissance d\u2019un de ses enfants"},"content":{"rendered":"<p>      R\u00e9sum\u00e9<\/p>\n<p>Bernard Tapie semblait tr\u00e8s occup\u00e9 \u00e0 la naissance de son fils St\u00e9phane en 1969. Preuve en est, ce dernier a oubli\u00e9 d&rsquo;aller le d\u00e9clarer \u00e0 la mairie ! <\/p>\n<p>        Sommaire<\/p>\n<p>Alors que C8 a disparu de nos \u00e9crans le 28\u00a0f\u00e9vrier dernier, de <strong>nombreuses \u00e9missions <\/strong>ont \u00e9t\u00e9 contraintes de s&rsquo;arr\u00eater. C&rsquo;est le cas, notamment des \u00ab\u00a0Animaux de la 8\u00a0\u00bb, de \u00ab\u00a0William \u00e0 Midi\u00a0\u00bb ou encore de <strong>\u00ab\u00a0Face \u00e0 Jordan\u00a0\u00bb<\/strong>. En effet, tous les matins, <a href=\"https:\/\/www.public.fr\/fin-de-tpmp-apres-jordan-de-luxe-sasha-elbaz-et-thomas-guenole-lancent-leur-media-en-ligne\" target=\"_blank\" rel=\"noopener\">le journaliste de 35 ans<\/a> recevait des personnalit\u00e9s d&rsquo;horizons diff\u00e9rents dans la joie et la bonne humeur. M\u00eame si la fin de son programme l&rsquo;a beaucoup affect\u00e9, ce dernier a <strong>rapidement su rebondir<\/strong>. Preuve en est\u2026 C&rsquo;est d\u00e9sormais <strong>\u00e0 bord de son \u00ab\u00a0Jet de Luxe\u00a0\u00bb <\/strong>qu&rsquo;il re\u00e7oit ses invit\u00e9s. Ce 29\u00a0mai, <a href=\"https:\/\/www.public.fr\/plus-de-400-millions-a-rembourser-stephane-tapie-balance-sur-les-dettes-faramineuses-de-son-pere-bernard-tapie\" target=\"_blank\" rel=\"noopener\">son passager de marque<\/a> n&rsquo;\u00e9tait autre que <strong>St\u00e9phane Tapie<\/strong>.<\/p>\n<p>\u00c0 cette occasion, <a href=\"https:\/\/www.public.fr\/stephane-tapie-sort-de-ses-gonds-et-interpelle-cyril-hanouna-apres-les-tensions-avec-sa-soeur-sophie-dans-tpmp\" target=\"_blank\" rel=\"noopener\">le fils de<\/a> Bernard Tapie a \u00e9voqu\u00e9 divers sujets\u00a0: son enfance, son parcours, sa sant\u00e9 et <a href=\"https:\/\/www.public.fr\/stephane-tapie-chroniqueur-dans-tpmp-ce-proces-qui-le-pousse-a-tout-quitter\" target=\"_blank\" rel=\"noopener\">son illustre papa<\/a>. Mais, d&rsquo;abord, Jordan de Luxe a commenc\u00e9 par <strong>dresser son portrait <\/strong>d\u00e9voilant que <a href=\"https:\/\/www.public.fr\/reste-chez-toi-et-ferme-ta-gu-stephane-tapie-repond-a-jean-messiha-apres-ses-propos-polemiques-sur-l-agression-de-son-pere\" target=\"_blank\" rel=\"noopener\">l&rsquo;ex chroniqueur de Cyril Hanouna <\/a>\u00e9tait <strong>n\u00e9 le 9\u00a0ao\u00fbt 1969 \u00e0 Neuilly-sur-Seine<\/strong> dans les Hauts-de-Seine. L&rsquo;occasion pour l&rsquo;invit\u00e9 de r\u00e9agir imm\u00e9diatement\u00a0: \u00ab\u00a0<strong>Pour une fois, c &lsquo;est la bonne date. Enfin, c&rsquo;est la date inscrite sur l&rsquo;\u00e9tat civil<\/strong>\u00ab\u00a0. De quoi interroger son h\u00f4te\u00a0: \u00ab\u00a0Pourquoi, il y a de fausses dates qui circulent\u00a0?\u00a0\u00bb.<\/p>\n<p>C&rsquo;est l\u00e0 que <a href=\"https:\/\/www.public.fr\/stephane-tapie-ses-revelations-sur-l-agression-de-son-pere-et-de-sa-belle-mere-ils-ont-vecu-un-cauchemar\" target=\"_blank\" rel=\"noopener\">l&rsquo;homme de 55 ans<\/a> a fait une <strong>r\u00e9v\u00e9lation surprenante<\/strong>. \u00ab\u00a0<strong>La v\u00e9rit\u00e9 c&rsquo;est que je suis n\u00e9 le 5\u00a0ao\u00fbt. J&rsquo;ai un papa qui \u00e9tait un petit peu occup\u00e9. Il a juste oubli\u00e9 de me d\u00e9clarer<\/strong>\u00ab\u00a0. En effet, <a href=\"https:\/\/www.public.fr\/bernard-tapie-son-fils-stephane-inquiete-les-internautes-avec-une-publication-peu-rassurante\" target=\"_blank\" rel=\"noopener\">l&rsquo;ex ministre de la Ville<\/a> s&rsquo;est rendu <strong>\u00e0 la mairie quatre jours apr\u00e8s la naissance de St\u00e9phane<\/strong> alors qu&rsquo;il avait trois jours pour effectuer les d\u00e9marches d&rsquo;\u00e9tat civil. Essuyant un refus cat\u00e9gorique \u00e0 la Mairie, <a href=\"https:\/\/www.public.fr\/bernard-tapie-son-fils-stephane-s-emporte-violemment-contre-un-ancien-journaliste-de-quotidien\" target=\"_blank\" rel=\"noopener\">ce dernier<\/a> est retourn\u00e9 \u00e0 la clinique, s&rsquo;est empar\u00e9 d&rsquo;un document sp\u00e9cifiant que son fils \u00e9tait <strong>n\u00e9 il y a deux heures<\/strong> et est reparti \u00e0 la Mairie avec <strong>ce faux-vrai document<\/strong>. Impensable mais vrai\u2026<\/p>\n<p>Bernard Tapie\u00a0: papa de quatre enfants<\/p>\n<p>Bernard Tapie nous a quitt\u00e9s <strong>le 3\u00a0octobre 2021<\/strong>. Ce dernier a laiss\u00e9 derri\u00e8re lui <strong>quatre enfants<\/strong>. Ainsi, avec sa premi\u00e8re femme Mich\u00e8le Layec, <a href=\"https:\/\/www.google.com\/url?sa=t&amp;source=web&amp;rct=j&amp;opi=89978449&amp;url=https:\/\/vsd.fr\/27473-bernard-tapie-l-indestructible\/&amp;ved=2ahUKEwiqz5XlrMmNAxVWK_sDHVX5BXEQFnoECBYQAQ&amp;usg=AOvVaw3L3HMttrH8xKJAHmAaJxfJ\" target=\"_blank\" rel=\"noopener\">l&rsquo;ancien patron de l&rsquo;OM<\/a> a eu <strong>une fille, Nathalie<\/strong>, n\u00e9e en 1968 <strong>puis St\u00e9phane<\/strong> n\u00e9 un an plus tard. Puis, il a fait la rencontre de <strong>Dominique<\/strong>, vue r\u00e9cemment dans l&rsquo;\u00e9mission \u00ab\u00a0Les Tra\u00eetres\u00a0\u00bb sur M6. Avec elle, <a href=\"https:\/\/www.google.com\/url?sa=t&amp;source=web&amp;rct=j&amp;opi=89978449&amp;url=https:\/\/vsd.fr\/54423-dominique-tapie-temoigne-des-manifestations-surnaturelles-de-bernard-tapie-apres-sa-mort\/&amp;ved=2ahUKEwjP55rsrMmNAxW2TaQEHTIgBS4QFnoECBYQAQ&amp;usg=AOvVaw2IQdVO_YioYR_-OMxGdvRV\" target=\"_blank\" rel=\"noopener\">l&rsquo;homme d&rsquo;affaires<\/a> a accueilli deux enfants\u00a0: Laurent en 1974 et la petite derni\u00e8re <strong>Sophie<\/strong>, en 1988. <a href=\"https:\/\/www.google.com\/url?sa=t&amp;source=web&amp;rct=j&amp;opi=89978449&amp;url=https:\/\/vsd.fr\/80845-sophie-tapie-son-don-de-22-000-e-qui-change-le-destin-de-la-spa-de-bayonne\/&amp;ved=2ahUKEwiuybj1rMmNAxVGSaQEHThPEIAQFnoECBYQAQ&amp;usg=AOvVaw3qDyyJO-ADo2gB86UWLVGz\" target=\"_blank\" rel=\"noopener\">La chanteuse et com\u00e9dienne<\/a> qui, comme son papa, ne manque pas de temp\u00e9rament.<\/p>\n<p>Concernant <strong>l&rsquo;arriv\u00e9e de Dominique Tapie<\/strong> dans la vie de Bernard, son fils St\u00e9phane a r\u00e9v\u00e9l\u00e9 comment il l&rsquo;a v\u00e9cu \u00e7a : \u00ab\u00a0Je l&rsquo;ai v\u00e9cu comme<strong> un trou du cul adolescent<\/strong>. Je la connais, j&rsquo;ai 12 ans. Oui, pour moi, elle a pris la place de ma m\u00e8re\u00a0\u00bb, conc\u00e8de-t-il ajoutant lui avoir fait vivre <strong>un enfer<\/strong>. \u00ab\u00a0<strong>J&rsquo;\u00e9tais une pourriture. j&rsquo;ai d\u00fb tout lui faire, les pires crasses qui puissent exister<\/strong>\u00a0\u00bb a-t-il d\u00e9voil\u00e9 en toute honn\u00eatet\u00e9 reconnaissant tout de m\u00eame qu&rsquo;entre son p\u00e8re et sa belle-m\u00e8re c&rsquo;\u00e9tait <strong>une \u00e9vidence. <\/strong><\/p>\n<p>      Mentionn\u00e9s dans cet article<\/p>\n<p>\u00c0 lire aussi<\/p>\n","protected":false},"excerpt":{"rendered":"R\u00e9sum\u00e9 Bernard Tapie semblait tr\u00e8s occup\u00e9 \u00e0 la naissance de son fils St\u00e9phane en 1969. Preuve en est,&hellip;\n","protected":false},"author":2,"featured_media":137933,"comment_status":"","ping_status":"","sticky":false,"template":"","format":"standard","meta":{"footnotes":""},"categories":[1359],"tags":[1191,58,59,1742,1011,27,4829,198,973,6552],"class_list":{"0":"post-137932","1":"post","2":"type-post","3":"status-publish","4":"format-standard","5":"has-post-thumbnail","7":"category-people","8":"tag-bernard-tapie","9":"tag-divertissement","10":"tag-entertainment","11":"tag-fils","12":"tag-fr","13":"tag-france","14":"tag-jordan-de-luxe","15":"tag-naissance","16":"tag-people","17":"tag-pere"},"share_on_mastodon":{"url":"https:\/\/pubeurope.com\/@fr\/114593712266167140","error":""},"_links":{"self":[{"href":"https:\/\/www.europesays.com\/fr\/wp-json\/wp\/v2\/posts\/137932","targetHints":{"allow":["GET"]}}],"collection":[{"href":"https:\/\/www.europesays.com\/fr\/wp-json\/wp\/v2\/posts"}],"about":[{"href":"https:\/\/www.europesays.com\/fr\/wp-json\/wp\/v2\/types\/post"}],"author":[{"embeddable":true,"href":"https:\/\/www.europesays.com\/fr\/wp-json\/wp\/v2\/users\/2"}],"replies":[{"embeddable":true,"href":"https:\/\/www.europesays.com\/fr\/wp-json\/wp\/v2\/comments?post=137932"}],"version-history":[{"count":0,"href":"https:\/\/www.europesays.com\/fr\/wp-json\/wp\/v2\/posts\/137932\/revisions"}],"wp:featuredmedia":[{"embeddable":true,"href":"https:\/\/www.europesays.com\/fr\/wp-json\/wp\/v2\/media\/137933"}],"wp:attachment":[{"href":"https:\/\/www.europesays.com\/fr\/wp-json\/wp\/v2\/media?parent=137932"}],"wp:term":[{"taxonomy":"category","embeddable":true,"href":"https:\/\/www.europesays.com\/fr\/wp-json\/wp\/v2\/categories?post=137932"},{"taxonomy":"post_tag","embeddable":true,"href":"https:\/\/www.europesays.com\/fr\/wp-json\/wp\/v2\/tags?post=137932"}],"curies":[{"name":"wp","href":"https:\/\/api.w.org\/{rel}","templated":true}]}}