{"id":137937,"date":"2025-05-29T23:29:17","date_gmt":"2025-05-29T23:29:17","guid":{"rendered":"https:\/\/www.europesays.com\/fr\/137937\/"},"modified":"2025-05-29T23:29:17","modified_gmt":"2025-05-29T23:29:17","slug":"laurent-ruquier-revele-la-raison-pour-laquelle-il-refuse-daller-dans-quelle-epoque-je-nai-pas-confiance","status":"publish","type":"post","link":"https:\/\/www.europesays.com\/fr\/137937\/","title":{"rendered":"Laurent Ruquier r\u00e9v\u00e8le la raison pour laquelle il refuse d\u2019aller dans Quelle \u00c9poque : \u00ab\u00a0Je n\u2019ai pas confiance\u2026\u00a0\u00bb"},"content":{"rendered":"<p>C\u2019est une condition sine qua none pour Laurent Ruquier. D\u2019ici quelques jours, Laurent Ruquier va d\u00e9barquer sur une toute nouvelle cha\u00eene de la TNT : T18 . Et \u00e0 cette occasion, l\u2019animateur embl\u00e9matique des Grosses T\u00eates s\u2019est alors confi\u00e9, aupr\u00e8s de TV Magazine , sur les nombreuses responsabilit\u00e9s qui vont lui \u00eatre accord\u00e9e une fois que cette nouvelle cha\u00eene sera \u00e0 l\u2019antenne ainsi que ces relations avec les autres animateurs du PAF. S\u2019il a d\u00e9j\u00e0 \u00e0 c\u0153ur de rendre \u00ab\u00a0la culture populaire\u00a0\u00bb, l\u2019ancien mentor de L\u00e9a Salam\u00e9 refuse cat\u00e9goriquement d\u2019\u00eatre invit\u00e9 dans Quelle \u00c9poque !<\/p>\n<p>\u00c0 lire \u00e9galement \u00ab\u00a0Moi, \u00e7a m&rsquo;a choqu\u00e9\u00a0\u00bb : Laurent Ruquier tacle une d\u00e9cision prise par C \u00e0 vousLaurent Ruquier r\u00e9v\u00e8le pourquoi il ne veut pas aller dans Quelle \u00c9poque !<\/p>\n<p>Durant cette entrevue, Laurent Ruquier a \u00e9t\u00e9 questionn\u00e9 sur le talk-show de son ancienne acolyte. Et tr\u00e8s rapidement, l\u2019int\u00e9ress\u00e9 a r\u00e9v\u00e9l\u00e9 qu\u2019il ne regardait pas le programme. \u00ab\u00a0Mais je vois des extraits et des buzz sur les r\u00e9seaux sociaux. Et le fait que l\u2019\u00e9mission fasse le buzz montre qu\u2019elle marche\u00a0\u00bb, a-t-il poursuivi, visiblement tr\u00e8s fier du succ\u00e8s de la journaliste. Pourtant, s\u2019il a d\u00e9j\u00e0 accept\u00e9 l\u2019invitation qu\u2019elle lui avait pr\u00e9c\u00e9demment faite sur France Inter, l\u2019ex d\u2019Hugo Manos refuse cat\u00e9goriquement de s\u2019y rendre. \u00ab\u00a0Concernant Quelle \u00c9poque , je n\u2019ai pas suffisamment confiance dans la production de l\u2019\u00e9mission et dans la direction artistique pour aller dans l\u2019\u00e9mission qui est enregistr\u00e9e\u00a0\u00bb, a-t-il ajout\u00e9, pr\u00e9cisant que si l\u2019\u00e9mission \u00e9tait tourn\u00e9e en direct, il accepterait d\u2019y aller sans probl\u00e8me.<\/p>\n<p>\u00c0 lire \u00e9galement \u00ab\u00a0J\u2019arr\u00eaterai dans\u2026\u00a0\u00bb : Laurent Ruquier r\u00e9v\u00e8le \u00e0 quel moment il quittera l\u2019animation des Grosses T\u00eatesLaurent Ruquier, cash sur sa potentielle pr\u00e9sence dans Quelle \u00c9poque : \u00ab\u00a0Je n\u2019ai pas envie\u00a0\u00bb<\/p>\n<p>Lors d\u2019un pr\u00e9c\u00e9dent entretien accord\u00e9 \u00e0 T\u00e9l\u00e9-Loisirs , en septembre 2023, Laurent Ruquier avait d\u00e9j\u00e0 assur\u00e9 qu\u2019il ne souhaitait nullement \u00eatre invit\u00e9 sur le plateau de Quelle \u00c9poque . D\u00e9plorant le fait que l\u2019\u00e9mission ne soit pas enregistr\u00e9e en direct, l\u2019ancien animateur d\u2019 On n\u2019est pas couch\u00e9 avait expliqu\u00e9 qu\u2019il ne souhaitait pas retrouver la m\u00eame production avec laquelle il a travaill\u00e9 dans l\u2019\u00e9mission On est en direct . \u00ab\u00a0Je n\u2019ai pas envie\u00a0\u00bb, expliquait-il, avant d\u2019entrer dans les d\u00e9tails : \u00ab\u00a0J\u2019ai envie d\u2019avoir ma libert\u00e9 de parole et de savoir ce qu\u2019on va garder ou pas de ce que je vais dire.\u00a0\u00bb Pr\u00e8s de deux ans apr\u00e8s avoir partag\u00e9 ces confidences, tout porte \u00e0 croire qu\u2019il n\u2019a pas chang\u00e9 d\u2019avis !<\/p>\n","protected":false},"excerpt":{"rendered":"C\u2019est une condition sine qua none pour Laurent Ruquier. D\u2019ici quelques jours, Laurent Ruquier va d\u00e9barquer sur une&hellip;\n","protected":false},"author":2,"featured_media":137938,"comment_status":"","ping_status":"","sticky":false,"template":"","format":"standard","meta":{"footnotes":""},"categories":[1356],"tags":[26425,58,59,1011,27,1759,252,1364],"class_list":{"0":"post-137937","1":"post","2":"type-post","3":"status-publish","4":"format-standard","5":"has-post-thumbnail","7":"category-television","8":"tag-chaine-de-la-tnt","9":"tag-divertissement","10":"tag-entertainment","11":"tag-fr","12":"tag-france","13":"tag-laurent-ruquier","14":"tag-television","15":"tag-tv"},"share_on_mastodon":{"url":"https:\/\/pubeurope.com\/@fr\/114593724319400145","error":""},"_links":{"self":[{"href":"https:\/\/www.europesays.com\/fr\/wp-json\/wp\/v2\/posts\/137937","targetHints":{"allow":["GET"]}}],"collection":[{"href":"https:\/\/www.europesays.com\/fr\/wp-json\/wp\/v2\/posts"}],"about":[{"href":"https:\/\/www.europesays.com\/fr\/wp-json\/wp\/v2\/types\/post"}],"author":[{"embeddable":true,"href":"https:\/\/www.europesays.com\/fr\/wp-json\/wp\/v2\/users\/2"}],"replies":[{"embeddable":true,"href":"https:\/\/www.europesays.com\/fr\/wp-json\/wp\/v2\/comments?post=137937"}],"version-history":[{"count":0,"href":"https:\/\/www.europesays.com\/fr\/wp-json\/wp\/v2\/posts\/137937\/revisions"}],"wp:featuredmedia":[{"embeddable":true,"href":"https:\/\/www.europesays.com\/fr\/wp-json\/wp\/v2\/media\/137938"}],"wp:attachment":[{"href":"https:\/\/www.europesays.com\/fr\/wp-json\/wp\/v2\/media?parent=137937"}],"wp:term":[{"taxonomy":"category","embeddable":true,"href":"https:\/\/www.europesays.com\/fr\/wp-json\/wp\/v2\/categories?post=137937"},{"taxonomy":"post_tag","embeddable":true,"href":"https:\/\/www.europesays.com\/fr\/wp-json\/wp\/v2\/tags?post=137937"}],"curies":[{"name":"wp","href":"https:\/\/api.w.org\/{rel}","templated":true}]}}