{"id":137954,"date":"2025-05-29T23:38:10","date_gmt":"2025-05-29T23:38:10","guid":{"rendered":"https:\/\/www.europesays.com\/fr\/137954\/"},"modified":"2025-05-29T23:38:10","modified_gmt":"2025-05-29T23:38:10","slug":"apres-la-suppression-des-zfe-les-opposants-crient-victoire","status":"publish","type":"post","link":"https:\/\/www.europesays.com\/fr\/137954\/","title":{"rendered":"apr\u00e8s la suppression des ZFE, les opposants crient victoire"},"content":{"rendered":"<p>Les d\u00e9put\u00e9s ont sonn\u00e9 le glas, mercredi, de ces zones interdites aux voitures polluantes. Un soulagement pour les opposants \u00e0 ce dispositif, qui fustigeaient une mesure d\u2019\u00ab\u00a0\u00e9cologie punitive\u00a0\u00bb.<\/p>\n<p class=\"fig-paragraph\">Ceux qui y voyaient une mesure d\u2019\u00ab\u00a0\u00e9cologie punitive\u00a0\u00bb peuvent \u00eatre satisfaits. L\u2019Assembl\u00e9e nationale a approuv\u00e9 mercredi soir, \u00e0 98\u00a0voix contre 51, la suppression des\u00a0<a href=\"http:\/\/www.lefigaro.fr\/actualite-france\/une-decision-stupide-et-injuste-la-mairie-de-paris-s-insurge-de-la-suppression-des-zfe-et-demande-leur-retablissement-20250529\" data-fig-type=\"NewsFlash\" data-gtm-custom-categorie=\"navigation\" data-gtm-custom-action=\"crossclick\" data-gtm-custom-label=\"Contextuel\" data-gtm-event=\"customEventSPE\" data-fig-domain=\"LEFIGARO\" target=\"_blank\" rel=\"noopener\">zones \u00e0 faibles \u00e9missions (ZFE)<\/a>. Lanc\u00e9es en 2019 pour limiter les \u00e9missions de particules fines et am\u00e9liorer la qualit\u00e9 de l\u2019air, les ZFE avaient pour objectif d\u2019interdire les v\u00e9hicules les plus anciens (Crit\u2019Air\u00a03, 4 et 5) dans les m\u00e9tropoles de plus de 150.000\u00a0habitants. Une obligation qui s\u2019appliquait \u00e9galement aux motos, interdisant ainsi la circulation \u00e0 14\u00a0millions de personnes.<\/p>\n<p class=\"fig-paragraph\">Ceux qui, pr\u00e9cis\u00e9ment, ne peuvent pas s\u2019acheter un v\u00e9hicule adapt\u00e9 aux normes des ZFE. \u00ab\u00a0Le gueux retrouve sa dignit\u00e9\u00a0!, se f\u00e9licite l\u2019\u00e9crivain\u00a0<a href=\"http:\/\/www.lefigaro.fr\/automobile\/alexandre-jardin-apres-la-suppression-des-zfe-je-me-battrais-jusqu-a-ce-que-notre-pays-soit-reconnecte-20250529\" data-fig-type=\"Article\" data-gtm-custom-categorie=\"navigation\" data-gtm-custom-action=\"crossclick\" data-gtm-custom-label=\"Contextuel\" data-gtm-event=\"customEventSPE\" data-fig-domain=\"LEFIGARO\" target=\"_blank\" rel=\"noopener\">Alexandre Jardin<\/a>, \u00e0 l\u2019origine du mouvement social d\u2019opposition aux ZFE Les #Gueux. L\u2019\u00e9tatisme vert, autoritaire et excluant (anti-r\u00e9publicain, en somme) a perdu son magist\u00e8re. C\u2019est une victoire historique, merci \u00e0 tous ceux qui se sont mobilis\u00e9s sur le terrain et les r\u00e9seaux sociaux, le combat\u2026<\/p>\n<p class=\"fig-premium-paywall__infos\">\n        Cet article est r\u00e9serv\u00e9 aux abonn\u00e9s.        Il vous reste 75% \u00e0 d\u00e9couvrir.\n    <\/p>\n<p>                <img  data- alt=\"Le Figaro\" class=\"fig-img--complete fig-img\"\/><\/p>\n<p class=\"fig-premium-paywall__title\">Vente Flash<\/p>\n<p class=\"fig-premium-paywall__subtitle\">4,99\u20ac par mois pendant 12 mois. Sans engagement.<\/p>\n<p class=\"fig-premium-paywall__connect\">\n                D\u00e9j\u00e0 abonn\u00e9\u00a0?                <a class=\"fig-premium-paywall__connect-link\" href=\"https:\/\/connect.lefigaro.fr\/login?client=horizon_web&amp;type=main&amp;redirect_uri=https%3A%2F%2Fwww.lefigaro.fr%2Factualite-france%2Fle-gueux-retrouve-sa-dignite-apres-la-suppression-des-zfe-les-opposants-crient-victoire-20250529\" data-js-gtm=\"{&quot;customCategorie&quot;: &quot;conversion&quot;, &quot;customAction&quot;: &quot;before_Landing_Connexion_paywall_auto&quot;, &quot;customLabel&quot;: &quot;bGVmaWdhcm8uZnJfXzFmMDNjODk1LTVlMjYtNmQ4ZS1hZDlkLTE5YTgwMmVlYTdjMl9fQXJ0aWNsZQ==_\u00ab\u00a0Le gueux retrouve sa dignit\u00e9\u00a0!\u00a0\u00bb\u00a0: apr\u00e8s la suppression des ZFE, les opposants crient victoire_440&quot;, &quot;customIDSPE&quot;: &quot;bGVmaWdhcm8uZnJfXzFmMDNjODk1LTVlMjYtNmQ4ZS1hZDlkLTE5YTgwMmVlYTdjMl9fQXJ0aWNsZQ==&quot;, &quot;event&quot;: &quot;customEventSPE&quot;}\" target=\"_blank\" rel=\"noopener\"><br \/>\n                    Connectez-vous<br \/>\n                <\/a>\n            <\/p>\n","protected":false},"excerpt":{"rendered":"Les d\u00e9put\u00e9s ont sonn\u00e9 le glas, mercredi, de ces zones interdites aux voitures polluantes. Un soulagement pour les&hellip;\n","protected":false},"author":2,"featured_media":137955,"comment_status":"","ping_status":"","sticky":false,"template":"","format":"standard","meta":{"footnotes":""},"categories":[4],"tags":[47,1058,1054,1059,1060,1055,11,1271,1057,118,1011,27,1061,303,780,3228,12,1062,25,656,104,1056,809,3748],"class_list":{"0":"post-137954","1":"post","2":"type-post","3":"status-publish","4":"format-standard","5":"has-post-thumbnail","7":"category-france","8":"tag-actualite","9":"tag-actualite-education","10":"tag-actualite-france","11":"tag-actualite-justice","12":"tag-actualite-securite","13":"tag-actualite-societe","14":"tag-actualites","15":"tag-cgt","16":"tag-education","17":"tag-faits-divers","18":"tag-fr","19":"tag-france","20":"tag-immigration","21":"tag-justice","22":"tag-lfi","23":"tag-lr","24":"tag-news","25":"tag-polemique","26":"tag-republique-francaise","27":"tag-securite","28":"tag-societe","29":"tag-societe-francaise","30":"tag-violence","31":"tag-zfe-m-zones-a-faibles-emissions-mobilite"},"share_on_mastodon":{"url":"https:\/\/pubeurope.com\/@fr\/114593759449897856","error":""},"_links":{"self":[{"href":"https:\/\/www.europesays.com\/fr\/wp-json\/wp\/v2\/posts\/137954","targetHints":{"allow":["GET"]}}],"collection":[{"href":"https:\/\/www.europesays.com\/fr\/wp-json\/wp\/v2\/posts"}],"about":[{"href":"https:\/\/www.europesays.com\/fr\/wp-json\/wp\/v2\/types\/post"}],"author":[{"embeddable":true,"href":"https:\/\/www.europesays.com\/fr\/wp-json\/wp\/v2\/users\/2"}],"replies":[{"embeddable":true,"href":"https:\/\/www.europesays.com\/fr\/wp-json\/wp\/v2\/comments?post=137954"}],"version-history":[{"count":0,"href":"https:\/\/www.europesays.com\/fr\/wp-json\/wp\/v2\/posts\/137954\/revisions"}],"wp:featuredmedia":[{"embeddable":true,"href":"https:\/\/www.europesays.com\/fr\/wp-json\/wp\/v2\/media\/137955"}],"wp:attachment":[{"href":"https:\/\/www.europesays.com\/fr\/wp-json\/wp\/v2\/media?parent=137954"}],"wp:term":[{"taxonomy":"category","embeddable":true,"href":"https:\/\/www.europesays.com\/fr\/wp-json\/wp\/v2\/categories?post=137954"},{"taxonomy":"post_tag","embeddable":true,"href":"https:\/\/www.europesays.com\/fr\/wp-json\/wp\/v2\/tags?post=137954"}],"curies":[{"name":"wp","href":"https:\/\/api.w.org\/{rel}","templated":true}]}}