{"id":137958,"date":"2025-05-29T23:40:18","date_gmt":"2025-05-29T23:40:18","guid":{"rendered":"https:\/\/www.europesays.com\/fr\/137958\/"},"modified":"2025-05-29T23:40:18","modified_gmt":"2025-05-29T23:40:18","slug":"leveque-yves-baumgarten-en-visite-pastorale-pendant-quatre-jours","status":"publish","type":"post","link":"https:\/\/www.europesays.com\/fr\/137958\/","title":{"rendered":"L&rsquo;\u00e9v\u00eaque Yves Baumgarten en visite pastorale pendant quatre jours"},"content":{"rendered":"<p>\t\t\t\t\t\t\t\t\t\t\t\t\t\t\t\t\t\t\t\t\t\t\t\t\t\t\t\t\t\t\t\t\t\t\t\t\t\t\t\t\t\t\t\t\t\t\t\t\t\t\t\t\t\t\t\t\t\t\t\t\t\t\t<a href=\"https:\/\/www.lacommere43.fr\/component\/banners\/click\/1775.html\" target=\"_blank\" title=\"Tence Rural Master mai 2025\" rel=\"nofollow noopener\"><br \/>\n\t\t\t\t\t\t\t<img decoding=\"async\" src=\"https:\/\/www.europesays.com\/fr\/wp-content\/uploads\/2025\/05\/rural2025-3.gif\" alt=\"Tence Rural Master mai 2025\"\/><br \/>\n\t\t\t\t\t\t<\/a><\/p>\n<p>\t\t\t\t\t\t\t\t\t\t\t\t\t\t\t\t\t\t\t\t\t\t\t\t\t\t\t\t\t\t\t\t\t\t\t\t\t\t\t\t\t\t\t\t\t\t<img decoding=\"async\" src=\"https:\/\/www.europesays.com\/fr\/wp-content\/uploads\/2025\/05\/LA_COMMERE_-_PAVE_-_600X600.jpg\" alt=\"Yssingeaux foire mai-juin 2025\"\/><\/p>\n<p>\u00ab\u00a0Oser appeler, oser la mission, s&rsquo;appuyer sur les signes favorables, soyons confiants.\u00a0\u00bb Ces mots, Mgr Yves Baumgarten, \u00e9v\u00eaque du Puy, les a r\u00e9p\u00e9t\u00e9s au cours le sa visite pastorale dans l&rsquo;Ensemble Paroissial Saint Luc en Velay.<\/p>\n<p>Pendant quatre jours, il a ainsi pris du temps pour venir \u00e0 la rencontre des paroissiens et des habitants de la S\u00e9auve-sur-Sem\u00e8ne, Saint-Victor-Malescours, Saint-Just-Malmont et Malmont, Saint-Didier-en-Velay. Il a rendu visite aux \u00e9coles et maisons de retraite, lors de rencontres ouvertes \u00e0 tous, avec les \u00e9lus.<\/p>\n","protected":false},"excerpt":{"rendered":"\u00ab\u00a0Oser appeler, oser la mission, s&rsquo;appuyer sur les signes favorables, soyons confiants.\u00a0\u00bb Ces mots, Mgr Yves Baumgarten, \u00e9v\u00eaque&hellip;\n","protected":false},"author":2,"featured_media":137959,"comment_status":"","ping_status":"","sticky":false,"template":"","format":"standard","meta":{"footnotes":""},"categories":[9653],"tags":[1111,2281,11,2430,1777,674,2282,1011,27,2280,2284,2285,2283,12,25,4001],"class_list":{"0":"post-137958","1":"post","2":"type-post","3":"status-publish","4":"format-standard","5":"has-post-thumbnail","7":"category-saint-etienne","8":"tag-actu","9":"tag-actualite-43","10":"tag-actualites","11":"tag-auvergne-rhone-alpes","12":"tag-eu","13":"tag-europe","14":"tag-faits-divers-auvergne","15":"tag-fr","16":"tag-france","17":"tag-information-haute-loire","18":"tag-infos-43","19":"tag-journal-haute-loire","20":"tag-la-commere-43","21":"tag-news","22":"tag-republique-francaise","23":"tag-saint-etienne"},"share_on_mastodon":{"url":"https:\/\/pubeurope.com\/@fr\/114593767490464194","error":""},"_links":{"self":[{"href":"https:\/\/www.europesays.com\/fr\/wp-json\/wp\/v2\/posts\/137958","targetHints":{"allow":["GET"]}}],"collection":[{"href":"https:\/\/www.europesays.com\/fr\/wp-json\/wp\/v2\/posts"}],"about":[{"href":"https:\/\/www.europesays.com\/fr\/wp-json\/wp\/v2\/types\/post"}],"author":[{"embeddable":true,"href":"https:\/\/www.europesays.com\/fr\/wp-json\/wp\/v2\/users\/2"}],"replies":[{"embeddable":true,"href":"https:\/\/www.europesays.com\/fr\/wp-json\/wp\/v2\/comments?post=137958"}],"version-history":[{"count":0,"href":"https:\/\/www.europesays.com\/fr\/wp-json\/wp\/v2\/posts\/137958\/revisions"}],"wp:featuredmedia":[{"embeddable":true,"href":"https:\/\/www.europesays.com\/fr\/wp-json\/wp\/v2\/media\/137959"}],"wp:attachment":[{"href":"https:\/\/www.europesays.com\/fr\/wp-json\/wp\/v2\/media?parent=137958"}],"wp:term":[{"taxonomy":"category","embeddable":true,"href":"https:\/\/www.europesays.com\/fr\/wp-json\/wp\/v2\/categories?post=137958"},{"taxonomy":"post_tag","embeddable":true,"href":"https:\/\/www.europesays.com\/fr\/wp-json\/wp\/v2\/tags?post=137958"}],"curies":[{"name":"wp","href":"https:\/\/api.w.org\/{rel}","templated":true}]}}