{"id":137968,"date":"2025-05-29T23:46:09","date_gmt":"2025-05-29T23:46:09","guid":{"rendered":"https:\/\/www.europesays.com\/fr\/137968\/"},"modified":"2025-05-29T23:46:09","modified_gmt":"2025-05-29T23:46:09","slug":"previsions-du-vendredi-30-mai-2025-2","status":"publish","type":"post","link":"https:\/\/www.europesays.com\/fr\/137968\/","title":{"rendered":"pr\u00e9visions du vendredi 30 mai 2025"},"content":{"rendered":"<p>Montpellier va conna\u00eetre une magnifique journ\u00e9e particuli\u00e8rement ensoleill\u00e9e. Les maximales iront jusqu&rsquo;\u00e0 26\u00b0C alors que les minimales seront de 18\u00b0C. Il va faire environ 24\u00b0C, le matin. Un petit vent de nord-est soufflera. Les temp\u00e9ratures afficheront entre 23 et 26\u00b0C l&rsquo;apr\u00e8s-midi. Les valeurs avoisineront les 20\u00b0C au cours de la soir\u00e9e. On s&rsquo;attend \u00e0 une nuit claire entre vendredi et samedi.<\/p>\n<p>Demain, un important soleil brillera sur Montpellier. Une baisse des temp\u00e9ratures est \u00e0 pr\u00e9voir. Les valeurs s&rsquo;\u00e9chelonneront entre 17 et 24\u00b0C. Une modeste brise de sud sera ressentie par les habitants. Les valeurs seront comprises entre 23\u00b0C et 24\u00b0C dans l&rsquo;apr\u00e8s-midi. Des pluies \u00e9parses sont pr\u00e9vues dans la soir\u00e9e. Le thermom\u00e8tre affichera 20\u00b0C en moyenne.<\/p>\n<p>Les jours passent et se ressemblent. Il va faire un temps relativement ensoleill\u00e9 avec des temp\u00e9ratures d&rsquo;environ 23\u00b0C.<\/p>\n<p><\/p>\n","protected":false},"excerpt":{"rendered":"Montpellier va conna\u00eetre une magnifique journ\u00e9e particuli\u00e8rement ensoleill\u00e9e. Les maximales iront jusqu&rsquo;\u00e0 26\u00b0C alors que les minimales seront&hellip;\n","protected":false},"author":2,"featured_media":137969,"comment_status":"","ping_status":"","sticky":false,"template":"","format":"standard","meta":{"footnotes":""},"categories":[9599],"tags":[1111,11,1777,674,1011,27,7089,2681,2208,12,2680,2119,25],"class_list":{"0":"post-137968","1":"post","2":"type-post","3":"status-publish","4":"format-standard","5":"has-post-thumbnail","7":"category-montpellier","8":"tag-actu","9":"tag-actualites","10":"tag-eu","11":"tag-europe","12":"tag-fr","13":"tag-france","14":"tag-herault","15":"tag-languedoc-roussillon","16":"tag-montpellier","17":"tag-news","18":"tag-occitanie","19":"tag-previsions-meteo","20":"tag-republique-francaise"},"share_on_mastodon":{"url":"https:\/\/pubeurope.com\/@fr\/114593790966559453","error":""},"_links":{"self":[{"href":"https:\/\/www.europesays.com\/fr\/wp-json\/wp\/v2\/posts\/137968","targetHints":{"allow":["GET"]}}],"collection":[{"href":"https:\/\/www.europesays.com\/fr\/wp-json\/wp\/v2\/posts"}],"about":[{"href":"https:\/\/www.europesays.com\/fr\/wp-json\/wp\/v2\/types\/post"}],"author":[{"embeddable":true,"href":"https:\/\/www.europesays.com\/fr\/wp-json\/wp\/v2\/users\/2"}],"replies":[{"embeddable":true,"href":"https:\/\/www.europesays.com\/fr\/wp-json\/wp\/v2\/comments?post=137968"}],"version-history":[{"count":0,"href":"https:\/\/www.europesays.com\/fr\/wp-json\/wp\/v2\/posts\/137968\/revisions"}],"wp:featuredmedia":[{"embeddable":true,"href":"https:\/\/www.europesays.com\/fr\/wp-json\/wp\/v2\/media\/137969"}],"wp:attachment":[{"href":"https:\/\/www.europesays.com\/fr\/wp-json\/wp\/v2\/media?parent=137968"}],"wp:term":[{"taxonomy":"category","embeddable":true,"href":"https:\/\/www.europesays.com\/fr\/wp-json\/wp\/v2\/categories?post=137968"},{"taxonomy":"post_tag","embeddable":true,"href":"https:\/\/www.europesays.com\/fr\/wp-json\/wp\/v2\/tags?post=137968"}],"curies":[{"name":"wp","href":"https:\/\/api.w.org\/{rel}","templated":true}]}}