{"id":13797,"date":"2025-04-09T23:48:20","date_gmt":"2025-04-09T23:48:20","guid":{"rendered":"https:\/\/www.europesays.com\/fr\/13797\/"},"modified":"2025-04-09T23:48:20","modified_gmt":"2025-04-09T23:48:20","slug":"un-vehicule-en-flamme-dans-ce-tunnel-grosse-pagaille-dans-le-secteur","status":"publish","type":"post","link":"https:\/\/www.europesays.com\/fr\/13797\/","title":{"rendered":"un v\u00e9hicule en flamme dans ce tunnel, grosse pagaille dans le secteur"},"content":{"rendered":"<p>            Par<br \/>\n        <strong><br \/>\n            <a href=\"https:\/\/actu.fr\/auteur\/benjamin-cohenroyer\" title=\"Consulter tous les articles de Benjamin Cohen Royer\" target=\"_blank\" rel=\"noopener\">Benjamin Cohen Royer<\/a><br \/>\n        <\/strong><\/p>\n<p>        Publi\u00e9 le<\/p>\n<p>            8 avr. 2025 \u00e0 16h08        <\/p>\n<p>Grosse gal\u00e8re cet apr\u00e8s-midi du lundi 8\u00a0avril \u00e0 <a href=\"https:\/\/actu.fr\/marseille\/\" target=\"_blank\" rel=\"noopener\">Marseille<\/a>, sur l\u2019A507, qui est en partie ferm\u00e9e suite \u00e0 un incendie.<\/p>\n<p class=\" wall-content\">Une voiture a pris feu vers 13h30 dans <strong>le tunnel de Montolivet, dans le 12e arrondissement,<\/strong> apprend actu Marseille des Marins-pompiers.<\/p>\n<p>Aucun bless\u00e9 mais des bouchons<\/p>\n<p class=\" wall-content\">Selon le bataillon, aucun bless\u00e9 n\u2019est \u00e0 d\u00e9plorer, mais l\u2019incident a s\u00e9rieusement perturb\u00e9 la circulation. Le tunnel a \u00e9t\u00e9 imm\u00e9diatement ferm\u00e9 pour permettre l\u2019intervention des secours.<\/p>\n<p class=\" wall-content\">Les marins-pompiers sont rapidement intervenus pour \u00e9teindre l\u2019incendie et s\u00e9curiser les lieux.<\/p>\n<p class=\" wall-content\">Selon les informations de Waze, <strong>la route est totalement ferm\u00e9e<\/strong> en direction de Fos-Martigues.<\/p>\n<p>      <img   decoding=\"async\" loading=\"lazy\" src=\"https:\/\/www.europesays.com\/fr\/wp-content\/uploads\/2025\/04\/waze-960x640.png\" alt=\"Le\" width=\"960\" height=\"640\"\/><br \/>\n    Le tunnel est ferm\u00e9 dans le sens Marseille-Fos. (\u00a9Capture d\u2019\u00e9cran Waze.com)Vid\u00e9os : en ce moment sur ActuDes automobilistes bloqu\u00e9s<\/p>\n<p class=\" wall-content\">R\u00e9sultat\u2009: des bouchons monstres sur l\u2019A507, mais aussi sur les axes secondaires du secteur.<\/p>\n<p class=\" wall-content\">Certains automobilistes <strong>ont d\u00fb rester bloqu\u00e9s de longues minutes<\/strong>, sans possibilit\u00e9 de faire demi-tour.<\/p>\n<p class=\" wall-content\">La circulation n\u2019a toujours pas repris, et les ralentissements restent tr\u00e8s importants dans le secteur. La situation devrait revenir \u00e0 la normale d\u00e8s que les conditions de s\u00e9curit\u00e9 seront r\u00e9unies.<\/p>\n<p class=\" wall-content\">Suivez toute l\u2019actualit\u00e9 de vos villes et m\u00e9dias favoris en vous inscrivant \u00e0 <a href=\"https:\/\/moncompte.actu.fr\" title=\"D\u00e9couvez Mon Actu\" rel=\"nofollow noopener\" data-trk=\"{&quot;cta&quot;:{&quot;action&quot;:&quot;https:\\\/\\\/moncompte.actu.fr&quot;,&quot;category&quot;:&quot;mon compte&quot;,&quot;from&quot;:&quot;article footer&quot;,&quot;name&quot;:&quot;Mon actu&quot;,&quot;type&quot;:&quot;cta&quot;}}\" target=\"_blank\">Mon Actu<\/a>.<\/p>\n","protected":false},"excerpt":{"rendered":"Par Benjamin Cohen Royer Publi\u00e9 le 8 avr. 2025 \u00e0 16h08 Grosse gal\u00e8re cet apr\u00e8s-midi du lundi 8\u00a0avril&hellip;\n","protected":false},"author":2,"featured_media":13798,"comment_status":"","ping_status":"","sticky":false,"template":"","format":"standard","meta":{"footnotes":""},"categories":[2814],"tags":[1111,11,3542,1777,674,1011,27,1310,803,884,12,882,25,104],"class_list":{"0":"post-13797","1":"post","2":"type-post","3":"status-publish","4":"format-standard","5":"has-post-thumbnail","7":"category-marseille","8":"tag-actu","9":"tag-actualites","10":"tag-circulation","11":"tag-eu","12":"tag-europe","13":"tag-fr","14":"tag-france","15":"tag-incendie","16":"tag-info-trafic","17":"tag-marseille","18":"tag-news","19":"tag-provence-alpes-cote-dazur","20":"tag-republique-francaise","21":"tag-societe"},"share_on_mastodon":{"url":"https:\/\/pubeurope.com\/@fr\/114310683316475567","error":""},"_links":{"self":[{"href":"https:\/\/www.europesays.com\/fr\/wp-json\/wp\/v2\/posts\/13797","targetHints":{"allow":["GET"]}}],"collection":[{"href":"https:\/\/www.europesays.com\/fr\/wp-json\/wp\/v2\/posts"}],"about":[{"href":"https:\/\/www.europesays.com\/fr\/wp-json\/wp\/v2\/types\/post"}],"author":[{"embeddable":true,"href":"https:\/\/www.europesays.com\/fr\/wp-json\/wp\/v2\/users\/2"}],"replies":[{"embeddable":true,"href":"https:\/\/www.europesays.com\/fr\/wp-json\/wp\/v2\/comments?post=13797"}],"version-history":[{"count":0,"href":"https:\/\/www.europesays.com\/fr\/wp-json\/wp\/v2\/posts\/13797\/revisions"}],"wp:featuredmedia":[{"embeddable":true,"href":"https:\/\/www.europesays.com\/fr\/wp-json\/wp\/v2\/media\/13798"}],"wp:attachment":[{"href":"https:\/\/www.europesays.com\/fr\/wp-json\/wp\/v2\/media?parent=13797"}],"wp:term":[{"taxonomy":"category","embeddable":true,"href":"https:\/\/www.europesays.com\/fr\/wp-json\/wp\/v2\/categories?post=13797"},{"taxonomy":"post_tag","embeddable":true,"href":"https:\/\/www.europesays.com\/fr\/wp-json\/wp\/v2\/tags?post=13797"}],"curies":[{"name":"wp","href":"https:\/\/api.w.org\/{rel}","templated":true}]}}