{"id":137978,"date":"2025-05-29T23:54:09","date_gmt":"2025-05-29T23:54:09","guid":{"rendered":"https:\/\/www.europesays.com\/fr\/137978\/"},"modified":"2025-05-29T23:54:09","modified_gmt":"2025-05-29T23:54:09","slug":"previsions-du-vendredi-30-mai-2025-3","status":"publish","type":"post","link":"https:\/\/www.europesays.com\/fr\/137978\/","title":{"rendered":"pr\u00e9visions du vendredi 30 mai 2025"},"content":{"rendered":"<p>Un bel ensoleillement est pr\u00e9vu aujourd&rsquo;hui \u00e0 Rennes. Il va faire environ 21\u00b0C. Il fera 21\u00b0C en moyenne le matin. Une petite brise de sud-est soufflera. Les temp\u00e9ratures vont enregistrer une augmentation de plusieurs degr\u00e9s dans l&rsquo;apr\u00e8s-midi. Les valeurs seront de 26\u00b0C au plus bas et de 28\u00b0C au plus haut. Pour le soir, des pluies \u00e9parses vont tomber sur la ville. Les temp\u00e9ratures seront de 20\u00b0C. Entre vendredi et samedi, la nuit sera claire.<\/p>\n<p>Le ciel de Rennes sera relativement lumineux, avec quelques \u00e9claircies demain. Une chute du mercure est \u00e0 craindre. Les temp\u00e9ratures seront comprises entre 13 et 24\u00b0C. Un modeste vent de nord-ouest sera ressenti par les habitants. Les temp\u00e9ratures vont conna\u00eetre une hausse de plusieurs degr\u00e9s pendant l&rsquo;apr\u00e8s-midi. Les valeurs s&rsquo;\u00e9chelonneront de 23 \u00e0 24\u00b0C. Des \u00e9claircies sont attendues : on passera une soir\u00e9e agr\u00e9able.<\/p>\n<p>Des conditions m\u00e9t\u00e9orologiques mitig\u00e9es sont attendues les jours suivants. On s&rsquo;attend \u00e0 une am\u00e9lioration lundi, apr\u00e8s un jour nuageux dimanche.<\/p>\n<p><\/p>\n","protected":false},"excerpt":{"rendered":"Un bel ensoleillement est pr\u00e9vu aujourd&rsquo;hui \u00e0 Rennes. Il va faire environ 21\u00b0C. Il fera 21\u00b0C en moyenne&hellip;\n","protected":false},"author":2,"featured_media":137979,"comment_status":"","ping_status":"","sticky":false,"template":"","format":"standard","meta":{"footnotes":""},"categories":[2821],"tags":[1111,11,829,1777,674,1011,27,848,12,2119,584,25],"class_list":{"0":"post-137978","1":"post","2":"type-post","3":"status-publish","4":"format-standard","5":"has-post-thumbnail","7":"category-rennes","8":"tag-actu","9":"tag-actualites","10":"tag-bretagne","11":"tag-eu","12":"tag-europe","13":"tag-fr","14":"tag-france","15":"tag-ille-et-vilaine","16":"tag-news","17":"tag-previsions-meteo","18":"tag-rennes","19":"tag-republique-francaise"},"share_on_mastodon":{"url":"https:\/\/pubeurope.com\/@fr\/114593822347265359","error":""},"_links":{"self":[{"href":"https:\/\/www.europesays.com\/fr\/wp-json\/wp\/v2\/posts\/137978","targetHints":{"allow":["GET"]}}],"collection":[{"href":"https:\/\/www.europesays.com\/fr\/wp-json\/wp\/v2\/posts"}],"about":[{"href":"https:\/\/www.europesays.com\/fr\/wp-json\/wp\/v2\/types\/post"}],"author":[{"embeddable":true,"href":"https:\/\/www.europesays.com\/fr\/wp-json\/wp\/v2\/users\/2"}],"replies":[{"embeddable":true,"href":"https:\/\/www.europesays.com\/fr\/wp-json\/wp\/v2\/comments?post=137978"}],"version-history":[{"count":0,"href":"https:\/\/www.europesays.com\/fr\/wp-json\/wp\/v2\/posts\/137978\/revisions"}],"wp:featuredmedia":[{"embeddable":true,"href":"https:\/\/www.europesays.com\/fr\/wp-json\/wp\/v2\/media\/137979"}],"wp:attachment":[{"href":"https:\/\/www.europesays.com\/fr\/wp-json\/wp\/v2\/media?parent=137978"}],"wp:term":[{"taxonomy":"category","embeddable":true,"href":"https:\/\/www.europesays.com\/fr\/wp-json\/wp\/v2\/categories?post=137978"},{"taxonomy":"post_tag","embeddable":true,"href":"https:\/\/www.europesays.com\/fr\/wp-json\/wp\/v2\/tags?post=137978"}],"curies":[{"name":"wp","href":"https:\/\/api.w.org\/{rel}","templated":true}]}}