{"id":137982,"date":"2025-05-29T23:56:34","date_gmt":"2025-05-29T23:56:34","guid":{"rendered":"https:\/\/www.europesays.com\/fr\/137982\/"},"modified":"2025-05-29T23:56:34","modified_gmt":"2025-05-29T23:56:34","slug":"un-projet-de-reconversion-totale-a-850-millions-deuros","status":"publish","type":"post","link":"https:\/\/www.europesays.com\/fr\/137982\/","title":{"rendered":"un projet de reconversion totale \u00e0 850 millions d&rsquo;euros"},"content":{"rendered":"<p class=\"has-drop-cap\">Hautepierre 1 vit sans doute ses derni\u00e8res ann\u00e9es. Con\u00e7u en 1969, ce b\u00e2timent du Centre hospitalo-universitaire (CHU) de Strasbourg a accueilli ses premiers patients \u00e0 la fin des ann\u00e9es 70. Les douze \u00e9tages de cette b\u00e2tisse ne sont plus conformes aux normes de s\u00e9curit\u00e9 incendie actuelles. Les standards h\u00f4teliers de l\u2019\u00e9poque sont aussi d\u00e9pass\u00e9s, comme l\u2019explique un m\u00e9decin strasbourgeois\u00a0: \u00ab\u00a0Dans certaines unit\u00e9s de m\u00e9decine, il y a une douche pour une vingtaine de chambres\u2026\u00a0\u00bb Et le b\u00e2timent est d\u00e9j\u00e0 plein \u00e0 craquer. Les possibilit\u00e9s de r\u00e9am\u00e9nagement et d\u2019agrandissement de certains services \u00e0 l\u2019\u00e9troit sont donc nulles. Pr\u00e8s d\u2019un demi-si\u00e8cle apr\u00e8s son ouverture, la direction a donc fait un choix radical concernant l\u2019avenir de ce g\u00e9ant de b\u00e9ton.<\/p>\n<p><img loading=\"lazy\" decoding=\"async\" width=\"792\" height=\"573\" src=\"https:\/\/www.europesays.com\/fr\/wp-content\/uploads\/2025\/05\/hautepierre1-1-792x573.png\" alt=\"\" class=\"wp-image-345136\"  \/> Carte du CHU de Hautepierre. En bleu, les b\u00e2timents de Hautepierre 1 qui doivent \u00eatre d\u00e9truits (sauf le b\u00e2timent de Hautepierre 2).Photo\u00a0: Document remis<\/p>\n<p><a href=\"https:\/\/www.rue89strasbourg.com\/abonnement\" rel=\"nofollow noopener\" target=\"_blank\"><img loading=\"lazy\" decoding=\"async\" width=\"970\" height=\"250\" src=\"https:\/\/www.europesays.com\/fr\/wp-content\/uploads\/2025\/05\/bannie\u0300re-autopromo-2025-desktop-1.gif\" alt=\"\" class=\"wp-image-343590\" style=\"width:792px\"\/><\/a><\/p>\n<p><a href=\"https:\/\/www.rue89strasbourg.com\/abonnement\" rel=\"nofollow noopener\" target=\"_blank\"><img loading=\"lazy\" decoding=\"async\" width=\"300\" height=\"300\" src=\"https:\/\/www.europesays.com\/fr\/wp-content\/uploads\/2025\/05\/bannieres@2x.png\" alt=\"\" class=\"wp-image-341656\"  \/><\/a><\/p>\n<p>R\u00e9nover ou d\u00e9truire<\/p>\n<p><img loading=\"lazy\" decoding=\"async\" width=\"1326\" height=\"745\" src=\"https:\/\/www.europesays.com\/fr\/wp-content\/uploads\/2025\/04\/1744907535_415_23-paywall.png\" alt=\"Abonnez-vous\" class=\"wp-image-282315\" style=\"aspect-ratio:1.7798657718120805;width:227px;height:auto\"  \/><\/p>\n<p>Cet article fait partie de l\u2019\u00e9dition abonn\u00e9s. Pour lire la suite, profitez d\u2019une offre d\u00e9couverte \u00e0 1\u20ac.<\/p>\n<p class=\"has-gray-700-color has-text-color has-medium-font-size\">Contribuez \u00e0 consolider un m\u00e9dia ind\u00e9pendant \u00e0 Strasbourg, en capacit\u00e9 d\u2019enqu\u00eater sur les enjeux locaux.<\/p>\n<p>\t\t\t<a href=\"https:\/\/www.rue89strasbourg.com\/\" class=\"custom-logo-link\" rel=\"home nofollow noopener\" target=\"_blank\"><img loading=\"lazy\" decoding=\"async\" width=\"290\" height=\"62\" src=\"https:\/\/www.europesays.com\/fr\/wp-content\/uploads\/2025\/04\/1743975279_388_logo.png\" class=\"custom-logo\" alt=\"Rue89 Strasbourg Enqu\u00eates et informations locales\"  \/><\/a><\/p>\n<p>\n\t\t\t\tAbonnez-vous maintenant pour suivre l\u2019actualit\u00e9 locale.\t\t\t<\/p>\n<p class=\"font-bold font-serif-heading mb-2 text-4xl\">\n\t\t\t\t\t\tL\u2019investigation locale \u00e0 port\u00e9e de main.\n\t\t\t\t\t<\/p>\n<p>\n\t\t\t\t\t\tAbonnez-vous et profitez d\u2019un acc\u00e8s illimit\u00e9 \u00e0 Rue89 Strasbourg. Annulez quand vous voulez.\n\t\t\t\t\t<\/p>\n<p class=\"xl:text-sm\">\n\t\t\t\t\tD\u00e9j\u00e0 abonn\u00e9\u00a0?<br \/>\n\t\t\t\t\t<a class=\"border border-transparent text-center transition-colors duration-instant focus:border-info focus:rounded focus:shadow-focus cursor-pointer text-black hover:text-gray-700 active:bg-black-700 font-semibold inline-block\" href=\"https:\/\/www.rue89strasbourg.com\/user\/connexion?redirect=\/nouvel-hopital-hautepierre-projet-direction-chu-344972\" rel=\"nofollow noopener\" target=\"_blank\">Connectez-vous<\/a>\t\t\t\t<\/p>\n<p>\n\t\t\t\tChoisissez votre formule\u00a0:\n\t\t\t<\/p>\n<p>\t\t\t\tFermer<\/p>\n","protected":false},"excerpt":{"rendered":"Hautepierre 1 vit sans doute ses derni\u00e8res ann\u00e9es. Con\u00e7u en 1969, ce b\u00e2timent du Centre hospitalo-universitaire (CHU) de&hellip;\n","protected":false},"author":2,"featured_media":137983,"comment_status":"","ping_status":"","sticky":false,"template":"","format":"standard","meta":{"footnotes":""},"categories":[2820],"tags":[1111,11,1777,674,1011,27,775,14481,12,26438,25,640],"class_list":{"0":"post-137982","1":"post","2":"type-post","3":"status-publish","4":"format-standard","5":"has-post-thumbnail","7":"category-strasbourg","8":"tag-actu","9":"tag-actualites","10":"tag-eu","11":"tag-europe","12":"tag-fr","13":"tag-france","14":"tag-grand-est","15":"tag-hopitaux-universitaires-de-strasbourg","16":"tag-news","17":"tag-nouvel-hopital-de-hautepierre","18":"tag-republique-francaise","19":"tag-strasbourg"},"share_on_mastodon":{"url":"https:\/\/pubeurope.com\/@fr\/114593830307693996","error":""},"_links":{"self":[{"href":"https:\/\/www.europesays.com\/fr\/wp-json\/wp\/v2\/posts\/137982","targetHints":{"allow":["GET"]}}],"collection":[{"href":"https:\/\/www.europesays.com\/fr\/wp-json\/wp\/v2\/posts"}],"about":[{"href":"https:\/\/www.europesays.com\/fr\/wp-json\/wp\/v2\/types\/post"}],"author":[{"embeddable":true,"href":"https:\/\/www.europesays.com\/fr\/wp-json\/wp\/v2\/users\/2"}],"replies":[{"embeddable":true,"href":"https:\/\/www.europesays.com\/fr\/wp-json\/wp\/v2\/comments?post=137982"}],"version-history":[{"count":0,"href":"https:\/\/www.europesays.com\/fr\/wp-json\/wp\/v2\/posts\/137982\/revisions"}],"wp:featuredmedia":[{"embeddable":true,"href":"https:\/\/www.europesays.com\/fr\/wp-json\/wp\/v2\/media\/137983"}],"wp:attachment":[{"href":"https:\/\/www.europesays.com\/fr\/wp-json\/wp\/v2\/media?parent=137982"}],"wp:term":[{"taxonomy":"category","embeddable":true,"href":"https:\/\/www.europesays.com\/fr\/wp-json\/wp\/v2\/categories?post=137982"},{"taxonomy":"post_tag","embeddable":true,"href":"https:\/\/www.europesays.com\/fr\/wp-json\/wp\/v2\/tags?post=137982"}],"curies":[{"name":"wp","href":"https:\/\/api.w.org\/{rel}","templated":true}]}}