{"id":137984,"date":"2025-05-29T23:57:10","date_gmt":"2025-05-29T23:57:10","guid":{"rendered":"https:\/\/www.europesays.com\/fr\/137984\/"},"modified":"2025-05-29T23:57:10","modified_gmt":"2025-05-29T23:57:10","slug":"previsions-du-vendredi-30-mai-2025-5","status":"publish","type":"post","link":"https:\/\/www.europesays.com\/fr\/137984\/","title":{"rendered":"pr\u00e9visions du vendredi 30 mai 2025"},"content":{"rendered":"<p>C&rsquo;est un soleil magnifique qui va briller aujourd&rsquo;hui sur Nice. On anticipe des valeurs d&rsquo;environ 22\u00b0C. Un vent de sud-est soufflera l\u00e9g\u00e8rement, avec 6 km\/h. Dans la matin\u00e9e, les temp\u00e9ratures seront de 22\u00b0C. Les valeurs afficheront entre 23 et 24\u00b0C durant l&rsquo;apr\u00e8s-midi. Le soir, le thermom\u00e8tre affichera 21\u00b0C en moyenne. C&rsquo;est un ciel limpide que conna\u00eetra la nuit de vendredi \u00e0 samedi.<\/p>\n<p>Un beau soleil est attendu demain \u00e0 Nice. Les valeurs seront comprises entre 19 et 24\u00b0C. Les temp\u00e9ratures s&rsquo;\u00e9chelonneront entre 21\u00b0C et 24\u00b0C dans la matin\u00e9e. Un vent de sud-est rafra\u00eechira un peu l&rsquo;atmosph\u00e8re. Les valeurs iront de 22 \u00e0 24\u00b0C sur l&rsquo;ensemble de l&rsquo;apr\u00e8s-midi. Il va faire 21\u00b0C en moyenne demain soir. Un l\u00e9ger vent de sud-ouest sera ressenti par les habitants.<\/p>\n<p>Les jours qui suivent s&rsquo;annoncent similaires. Il va faire un temps plut\u00f4t ensoleill\u00e9 avec des temp\u00e9ratures autour de 21\u00b0C.<\/p>\n<p><\/p>\n","protected":false},"excerpt":{"rendered":"C&rsquo;est un soleil magnifique qui va briller aujourd&rsquo;hui sur Nice. On anticipe des valeurs d&rsquo;environ 22\u00b0C. Un vent&hellip;\n","protected":false},"author":2,"featured_media":137985,"comment_status":"","ping_status":"","sticky":false,"template":"","format":"standard","meta":{"footnotes":""},"categories":[2819],"tags":[1111,11,2898,1777,674,1011,27,12,2401,883,2119,882,25],"class_list":{"0":"post-137984","1":"post","2":"type-post","3":"status-publish","4":"format-standard","5":"has-post-thumbnail","7":"category-nice","8":"tag-actu","9":"tag-actualites","10":"tag-alpes-maritimes","11":"tag-eu","12":"tag-europe","13":"tag-fr","14":"tag-france","15":"tag-news","16":"tag-nice","17":"tag-paca","18":"tag-previsions-meteo","19":"tag-provence-alpes-cote-dazur","20":"tag-republique-francaise"},"share_on_mastodon":{"url":"https:\/\/pubeurope.com\/@fr\/114593834209391678","error":""},"_links":{"self":[{"href":"https:\/\/www.europesays.com\/fr\/wp-json\/wp\/v2\/posts\/137984","targetHints":{"allow":["GET"]}}],"collection":[{"href":"https:\/\/www.europesays.com\/fr\/wp-json\/wp\/v2\/posts"}],"about":[{"href":"https:\/\/www.europesays.com\/fr\/wp-json\/wp\/v2\/types\/post"}],"author":[{"embeddable":true,"href":"https:\/\/www.europesays.com\/fr\/wp-json\/wp\/v2\/users\/2"}],"replies":[{"embeddable":true,"href":"https:\/\/www.europesays.com\/fr\/wp-json\/wp\/v2\/comments?post=137984"}],"version-history":[{"count":0,"href":"https:\/\/www.europesays.com\/fr\/wp-json\/wp\/v2\/posts\/137984\/revisions"}],"wp:featuredmedia":[{"embeddable":true,"href":"https:\/\/www.europesays.com\/fr\/wp-json\/wp\/v2\/media\/137985"}],"wp:attachment":[{"href":"https:\/\/www.europesays.com\/fr\/wp-json\/wp\/v2\/media?parent=137984"}],"wp:term":[{"taxonomy":"category","embeddable":true,"href":"https:\/\/www.europesays.com\/fr\/wp-json\/wp\/v2\/categories?post=137984"},{"taxonomy":"post_tag","embeddable":true,"href":"https:\/\/www.europesays.com\/fr\/wp-json\/wp\/v2\/tags?post=137984"}],"curies":[{"name":"wp","href":"https:\/\/api.w.org\/{rel}","templated":true}]}}