{"id":137988,"date":"2025-05-29T23:59:09","date_gmt":"2025-05-29T23:59:09","guid":{"rendered":"https:\/\/www.europesays.com\/fr\/137988\/"},"modified":"2025-05-29T23:59:09","modified_gmt":"2025-05-29T23:59:09","slug":"previsions-du-vendredi-30-mai-2025-6","status":"publish","type":"post","link":"https:\/\/www.europesays.com\/fr\/137988\/","title":{"rendered":"pr\u00e9visions du vendredi 30 mai 2025"},"content":{"rendered":"<p>Le soleil sera dominant, la garantie d&rsquo;une belle journ\u00e9e \u00e0 Nantes ! Les maximales atteindront les 30\u00b0C et les minimales seront de 15\u00b0C. Un vent d&rsquo;est soufflera l\u00e9g\u00e8rement dans la matin\u00e9e. Les temp\u00e9ratures vont enregistrer une augmentation de plusieurs degr\u00e9s au cours de l&rsquo;apr\u00e8s-midi. Les grosses chaleurs sont install\u00e9es. Avec des temp\u00e9ratures situ\u00e9es entre 28 et 30\u00b0C. Les valeurs seront de 28\u00b0C au minimum et de 30\u00b0C au maximum. Les temp\u00e9ratures seront de 23\u00b0C dans la soir\u00e9e. Entre vendredi et samedi, la nuit sera claire.<\/p>\n<p>Demain, le beau temps va peu \u00e0 peu remplacer les nuages \u00e0 Nantes. Une chute des temp\u00e9ratures est pr\u00e9vue. Il va faire 20\u00b0C en moyenne. Une modeste brise de nord-ouest sera ressentie par les habitants. Les temp\u00e9ratures vont conna\u00eetre une hausse de quelques degr\u00e9s dans l&rsquo;apr\u00e8s-midi. Les valeurs seront comprises entre 23\u00b0C et 26\u00b0C. Le ciel va s&rsquo;\u00e9claircir au cours de la soir\u00e9e.<\/p>\n<p>Pour la suite, le temps ne bougera pas. On anticipe des journ\u00e9es ensoleill\u00e9es, avec des temp\u00e9ratures dans les 16\u00b0C en moyenne.<\/p>\n<p><\/p>\n","protected":false},"excerpt":{"rendered":"Le soleil sera dominant, la garantie d&rsquo;une belle journ\u00e9e \u00e0 Nantes ! Les maximales atteindront les 30\u00b0C et&hellip;\n","protected":false},"author":2,"featured_media":137989,"comment_status":"","ping_status":"","sticky":false,"template":"","format":"standard","meta":{"footnotes":""},"categories":[2818],"tags":[1111,11,1777,674,1011,27,766,12,2636,2119,25],"class_list":{"0":"post-137988","1":"post","2":"type-post","3":"status-publish","4":"format-standard","5":"has-post-thumbnail","7":"category-nantes","8":"tag-actu","9":"tag-actualites","10":"tag-eu","11":"tag-europe","12":"tag-fr","13":"tag-france","14":"tag-nantes","15":"tag-news","16":"tag-pays-de-la-loire","17":"tag-previsions-meteo","18":"tag-republique-francaise"},"share_on_mastodon":{"url":"https:\/\/pubeurope.com\/@fr\/114593842046032883","error":""},"_links":{"self":[{"href":"https:\/\/www.europesays.com\/fr\/wp-json\/wp\/v2\/posts\/137988","targetHints":{"allow":["GET"]}}],"collection":[{"href":"https:\/\/www.europesays.com\/fr\/wp-json\/wp\/v2\/posts"}],"about":[{"href":"https:\/\/www.europesays.com\/fr\/wp-json\/wp\/v2\/types\/post"}],"author":[{"embeddable":true,"href":"https:\/\/www.europesays.com\/fr\/wp-json\/wp\/v2\/users\/2"}],"replies":[{"embeddable":true,"href":"https:\/\/www.europesays.com\/fr\/wp-json\/wp\/v2\/comments?post=137988"}],"version-history":[{"count":0,"href":"https:\/\/www.europesays.com\/fr\/wp-json\/wp\/v2\/posts\/137988\/revisions"}],"wp:featuredmedia":[{"embeddable":true,"href":"https:\/\/www.europesays.com\/fr\/wp-json\/wp\/v2\/media\/137989"}],"wp:attachment":[{"href":"https:\/\/www.europesays.com\/fr\/wp-json\/wp\/v2\/media?parent=137988"}],"wp:term":[{"taxonomy":"category","embeddable":true,"href":"https:\/\/www.europesays.com\/fr\/wp-json\/wp\/v2\/categories?post=137988"},{"taxonomy":"post_tag","embeddable":true,"href":"https:\/\/www.europesays.com\/fr\/wp-json\/wp\/v2\/tags?post=137988"}],"curies":[{"name":"wp","href":"https:\/\/api.w.org\/{rel}","templated":true}]}}