{"id":137994,"date":"2025-05-30T00:02:20","date_gmt":"2025-05-30T00:02:20","guid":{"rendered":"https:\/\/www.europesays.com\/fr\/137994\/"},"modified":"2025-05-30T00:02:20","modified_gmt":"2025-05-30T00:02:20","slug":"une-perte-inestimable-une-creatrice-de-mode-se-fait-derober-pour-40-000-euros-de-corsets-dans-un-tgv","status":"publish","type":"post","link":"https:\/\/www.europesays.com\/fr\/137994\/","title":{"rendered":"\u00ab\u00a0Une perte inestimable\u00a0\u00bb\u2026 Une cr\u00e9atrice de mode se fait d\u00e9rober pour 40.000 euros de corsets dans un TGV"},"content":{"rendered":"<p>Une <a href=\"https:\/\/www.20minutes.fr\/tempo\/style\/4145817-20250328-creatrice-mode-trouve-solution-debarrasser-definitivement-ex\" class=\"color-ultramarine c-link\" target=\"_blank\" rel=\"noopener\">cr\u00e9atrice de mode<\/a> girondine a lanc\u00e9 en d\u00e9but de semaine <a href=\"https:\/\/www.instagram.com\/marquyse.corset\/?hl=fr\" target=\"_blank\" class=\"color-ultramarine c-link\" rel=\"noopener\">un appel \u00e0 l\u2019aide<\/a> sur les <a href=\"https:\/\/www.20minutes.fr\/dossier\/reseaux_sociaux\" class=\"color-ultramarine c-link\" target=\"_blank\" rel=\"noopener\">r\u00e9seaux sociaux<\/a>. Vanessa Lauriola y explique <a href=\"https:\/\/www.20minutes.fr\/faits_divers\/4155871-20250528-reunion-fait-afficher-reseaux-apres-vol-720-euros-champagne-superette\" class=\"color-ultramarine c-link\" target=\"_blank\" rel=\"noopener\">s\u2019\u00eatre fait d\u00e9rober<\/a>, dans un <a href=\"https:\/\/www.20minutes.fr\/dossier\/tgv\" class=\"color-ultramarine c-link\" target=\"_blank\" rel=\"noopener\">TGV,<\/a> une valise violette dans laquelle se trouvait une trentaine de corsets, des pi\u00e8ces uniques, comme un corset en cuir de raisin, ou un autre recouvert de cristaux Swarovski, <a href=\"https:\/\/www.francebleu.fr\/infos\/insolite\/une-creatrice-de-mode-girondine-se-fait-voler-pour-40-000-euros-de-corsets-dans-un-tgv-bordeaux-paris-5102561\" rel=\"nofollow noopener\" target=\"_blank\" class=\"color-ultramarine c-link\">pr\u00e9cise Ici Gironde<\/a>. La valeur est estim\u00e9e \u00e0 40.000 euros.<\/p>\n<p>Le vol a eu lieu jeudi 22\u00a0mai, dans le TGV <a href=\"https:\/\/www.20minutes.fr\/bordeaux\/\" class=\"color-ultramarine c-link\" target=\"_blank\" rel=\"noopener\">Bordeaux<\/a>-Paris. C\u2019est en descendant \u00e0 la gare Montparnasse que la corseti\u00e8re s\u2019est rendue compte avec stupeur que sa valise, qui renfermait 15 ans de cr\u00e9ations, avait disparu. En demandant autour d\u2019elle si quelqu\u2019un avait vu cette valise, un t\u00e9moin a livr\u00e9 que quelqu\u2019un serait descendu avec, en gare d\u2019Angoul\u00eame ou de Poitiers.<\/p>\n<p>Vigilance sur les sites de revente en ligne<\/p>\n<p>Vanessa Lauriola ne croit pas \u00e0 un accident, puisque la valise renfermait aussi ses cartes de visite. Contact\u00e9e jeudi par 20 Minutes, elle dit esp\u00e9rer une avanc\u00e9e de l\u2019enqu\u00eate \u00ab\u00a0gr\u00e2ce \u00e0 la <a href=\"https:\/\/www.20minutes.fr\/dossier\/videosurveillance\" class=\"color-ultramarine c-link\" target=\"_blank\" rel=\"noopener\">vid\u00e9osurveillance<\/a> en gare\u00a0\u00bb. \u00ab\u00a0Une valise violette, cela ne passe pas inaper\u00e7u quand m\u00eame\u00a0\u00bb. \u00ab\u00a0Je pense que le ou les voleurs ont \u00e9t\u00e9 intrigu\u00e9s par cette valise, mais qu\u2019ils n\u2019avaient aucune id\u00e9e de ce qu\u2019il y avait \u00e0 l\u2019int\u00e9rieur, poursuit-elle. Elle \u00e9tait tellement lourde qu\u2019ils s\u2019imaginaient certainement autre chose, du mat\u00e9riel informatique peut-\u00eatre. Je ne sais pas ce qu\u2019ils vont faire de ces corsets, mais je scrute tous les sites de revente en ligne, au cas o\u00f9 ils r\u00e9apparaissent\u2026\u00a0\u00bb<\/p>\n<p>M\u00eame si elle ne d\u00e9sesp\u00e8re pas remettre la main un jour sur ses cr\u00e9ations, dont certaines remontent \u00e0 ses d\u00e9buts en tant que corseti\u00e8re il y a 18 ans, Vanessa Lauriola ne se fait plus beaucoup d\u2019illusions. \u00ab\u00a0Cela fait une semaine aujourd\u2019hui\u2026 Cette perte est inestimable, mais je suis d\u00e9j\u00e0 tourn\u00e9e vers la suite pour mes marques.\u00a0\u00bb<\/p>\n<p>Une pi\u00e8ce au Festival de Cannes avec la danseuse Vanessa Feuillatte<\/p>\n<p>La cr\u00e9atrice poss\u00e8de deux marques de corsets\u00a0: Marquyse, d\u00e9di\u00e9e \u00e0 l\u2019aspect burlesque, et Mary-Antoinette Corset, \u00ab\u00a0qui est ma marque historique, avec laquelle j\u2019ai habill\u00e9 Vanessa Feuillatte, premi\u00e8re danseuse de l\u2019<a href=\"https:\/\/www.20minutes.fr\/culture\/4019649-20230120-bordeaux-requiem-mozart-opera-signe-premiere-production-100-zero-achat\" class=\"color-ultramarine c-link\" target=\"_blank\" rel=\"noopener\">op\u00e9ra de Bordeaux<\/a>, qui a mont\u00e9 les marches du <a href=\"https:\/\/www.20minutes.fr\/arts-stars\/cinema\/festival_de_cannes\/4147938-20250410-festival-cannes-2025-niro-coppola-cronenberg-78e-selection-officielle-xxx\" class=\"color-ultramarine c-link\" target=\"_blank\" rel=\"noopener\">Festival de Cannes<\/a> avec une de mes pi\u00e8ces. Cela a \u00e9t\u00e9 un bel accomplissement pour moi, et une marche franchie pour ma marque.\u00a0\u00bb<\/p>\n<p><img decoding=\"async\" alt=\"La danseuse \u00e0 l'op\u00e9ra de Bordeaux, Vanessa Feuillatte, \u00e0 Cannes avec un corset r\u00e9alis\u00e9 par Vanessa Lauriola.\" class=\"c-img\" loading=\"lazy\" fetchpriority=\"auto\" width=\"718\"  src=\"https:\/\/www.europesays.com\/fr\/wp-content\/uploads\/2025\/05\/1748563340_473_718x0.jpeg; charset=utf-8\" \/>La danseuse \u00e0 l&rsquo;op\u00e9ra de Bordeaux, Vanessa Feuillatte, \u00e0 Cannes avec un corset r\u00e9alis\u00e9 par Vanessa Lauriola.\u2002-\u00a0V.Lauriola<\/p>\n<p>Mary-Antoinette Corset est \u00ab\u00a0d\u00e9di\u00e9e \u00e0 la femme moderne souhaitant porter une pi\u00e8ce de mode tr\u00e8s structur\u00e9e et f\u00e9minine au quotidien\u00a0\u00bb d\u00e9crit Vanessa Lauriola. \u00ab\u00a0Ma figure de proue, c\u2019est le corset working girl, tr\u00e8s facile \u00e0 mettre pour une femme qui veut agr\u00e9menter sa tenue quotidienne pour aller travailler. En parall\u00e8le, j\u2019habille aussi des femmes qui ont besoin de briller en soir\u00e9e, avec une robe corset\u00e9e, tout en \u00e9l\u00e9gance et en f\u00e9minit\u00e9.\u00a0\u00bb<\/p>\n<p>L\u2019autre marque, Marquyse, \u00ab\u00a0c\u2019est le monde du spectacle, du cabaret burlesque, de l\u2019<a href=\"https:\/\/www.20minutes.fr\/culture\/1653431-20150717-effeuillage-burlesque-masculin-conquete-ville-lumiere\" class=\"color-ultramarine c-link\" target=\"_blank\" rel=\"noopener\">effeuillage<\/a>\u2026 On va chercher l\u2019extravagance. Je ne vais pas h\u00e9siter \u00e0 mettre 4.000 strass sur une pi\u00e8ce pour qu\u2019elle brille le plus possible.\u00a0\u00bb<\/p>\n<p>Jusqu\u2019\u00e0 300 heures de confection pour un corset<\/p>\n<p>Bas\u00e9e \u00e0 La Sauve en Gironde, la styliste est labellis\u00e9e artisane d\u2019art, \u00ab\u00a0avec un savoir-faire tr\u00e8s pr\u00e9cieux que je transmets aux corseti\u00e8res sur Bordeaux.\u00a0\u00bb Dans son atelier, \u00ab\u00a0tout est fait \u00e0 la main.\u00a0\u00bb Pour la fabrication d\u2019un corset, \u00ab\u00a0il faut compter a minima sur une trentaine d\u2019heures, et quand il s\u2019agit de pi\u00e8ces plus complexes, comme celle de Vanessa Feuillatte, cela peut monter \u00e0 200 ou 300 heures de confection. Il y a \u00e9norm\u00e9ment d\u2019\u00e9tapes \u00e0 la main qu\u2019une machine ne peut pas faire.\u00a0\u00bb<\/p>\n<p>Vanessa Lauriola esp\u00e8re pouvoir recr\u00e9er quelques-unes des pi\u00e8ces qui lui ont \u00e9t\u00e9 vol\u00e9es. \u00ab\u00a0J\u2019essaie de rester sur ma dynamique, m\u00eame si en mon for int\u00e9rieur, il y a des choses qui ont disparu avec ce vol, qui font partie de mon histoire de jeune corseti\u00e8re quand j\u2019ai commenc\u00e9.\u00a0\u00bb<\/p>\n<p><script async src=\"\/\/www.instagram.com\/embed.js\"><\/script><\/p>\n","protected":false},"excerpt":{"rendered":"Une cr\u00e9atrice de mode girondine a lanc\u00e9 en d\u00e9but de semaine un appel \u00e0 l\u2019aide sur les r\u00e9seaux&hellip;\n","protected":false},"author":2,"featured_media":137995,"comment_status":"","ping_status":"","sticky":false,"template":"","format":"standard","meta":{"footnotes":""},"categories":[2817],"tags":[1111,47,11,4260,3177,1997,1067,1777,674,1011,27,2905,12,2219,25,938,104,2214],"class_list":{"0":"post-137994","1":"post","2":"type-post","3":"status-publish","4":"format-standard","5":"has-post-thumbnail","7":"category-bordeaux","8":"tag-actu","9":"tag-actualite","10":"tag-actualites","11":"tag-appel-a-temoins","12":"tag-aquitaine","13":"tag-bordeaux","14":"tag-enquete","15":"tag-eu","16":"tag-europe","17":"tag-fr","18":"tag-france","19":"tag-gironde","20":"tag-news","21":"tag-nouvelle-aquitaine","22":"tag-republique-francaise","23":"tag-reseaux-sociaux","24":"tag-societe","25":"tag-tgv"},"share_on_mastodon":{"url":"https:\/\/pubeurope.com\/@fr\/114593853817585566","error":""},"_links":{"self":[{"href":"https:\/\/www.europesays.com\/fr\/wp-json\/wp\/v2\/posts\/137994","targetHints":{"allow":["GET"]}}],"collection":[{"href":"https:\/\/www.europesays.com\/fr\/wp-json\/wp\/v2\/posts"}],"about":[{"href":"https:\/\/www.europesays.com\/fr\/wp-json\/wp\/v2\/types\/post"}],"author":[{"embeddable":true,"href":"https:\/\/www.europesays.com\/fr\/wp-json\/wp\/v2\/users\/2"}],"replies":[{"embeddable":true,"href":"https:\/\/www.europesays.com\/fr\/wp-json\/wp\/v2\/comments?post=137994"}],"version-history":[{"count":0,"href":"https:\/\/www.europesays.com\/fr\/wp-json\/wp\/v2\/posts\/137994\/revisions"}],"wp:featuredmedia":[{"embeddable":true,"href":"https:\/\/www.europesays.com\/fr\/wp-json\/wp\/v2\/media\/137995"}],"wp:attachment":[{"href":"https:\/\/www.europesays.com\/fr\/wp-json\/wp\/v2\/media?parent=137994"}],"wp:term":[{"taxonomy":"category","embeddable":true,"href":"https:\/\/www.europesays.com\/fr\/wp-json\/wp\/v2\/categories?post=137994"},{"taxonomy":"post_tag","embeddable":true,"href":"https:\/\/www.europesays.com\/fr\/wp-json\/wp\/v2\/tags?post=137994"}],"curies":[{"name":"wp","href":"https:\/\/api.w.org\/{rel}","templated":true}]}}