{"id":138000,"date":"2025-05-30T00:05:10","date_gmt":"2025-05-30T00:05:10","guid":{"rendered":"https:\/\/www.europesays.com\/fr\/138000\/"},"modified":"2025-05-30T00:05:10","modified_gmt":"2025-05-30T00:05:10","slug":"previsions-du-vendredi-30-mai-2025-8","status":"publish","type":"post","link":"https:\/\/www.europesays.com\/fr\/138000\/","title":{"rendered":"pr\u00e9visions du vendredi 30 mai 2025"},"content":{"rendered":"<p>\u00c0 Lille les temp\u00e9ratures afficheront entre 13 et 25\u00b0C durant la journ\u00e9e. Cette matin\u00e9e rimera avec grand soleil. Les valeurs avoisineront les 20\u00b0C. Une l\u00e9g\u00e8re brise de sud-ouest soufflera. Il va y avoir des nuages avant que le soleil ne puisse faire son apparition pendant l&rsquo;apr\u00e8s-midi. Il faudra anticiper des perturbations, les Lillois se retrouveront sous des pluies \u00e9parses. D&rsquo;un autre c\u00f4t\u00e9, un temps plus chaud est \u00e0 pr\u00e9voir \u00e9tant donn\u00e9 que le mercure va enregistrer une hausse. Les temp\u00e9ratures s&rsquo;\u00e9chelonneront entre 24 et 25\u00b0C. Le passage de vendredi \u00e0 samedi se fera sous un ciel d\u00e9pourvu de nuages.<\/p>\n<p>Demain, des nuages se montreront sur Lille. Une chute des temp\u00e9ratures est attendue. Le mercure affichera 18\u00b0C en moyenne. Un vent de sud-ouest rafra\u00eechira quelque peu l&rsquo;atmosph\u00e8re. En revanche, c&rsquo;est un soleil magnifique qui va se montrer le matin. Il va faire 20\u00b0C en moyenne. Le ciel va progressivement se couvrir tout au long de l&rsquo;apr\u00e8s-midi du fait de l&rsquo;arriv\u00e9e de nuages. Des averses sont annonc\u00e9es. La ville sera de temps \u00e0 autre sous la pluie. Des averses sont annonc\u00e9es demain soir, et peuvent perturber les balades. Il fera environ 18\u00b0C.<\/p>\n<p>Les conditions m\u00e9t\u00e9orologiques des journ\u00e9es suivantes vont \u00e9voluer peu \u00e0 peu. M\u00eame si le mauvais temps persistera un peu dimanche, il faut s&rsquo;attendre \u00e0 une am\u00e9lioration par la suite.<\/p>\n<p><\/p>\n","protected":false},"excerpt":{"rendered":"\u00c0 Lille les temp\u00e9ratures afficheront entre 13 et 25\u00b0C durant la journ\u00e9e. Cette matin\u00e9e rimera avec grand soleil.&hellip;\n","protected":false},"author":2,"featured_media":138001,"comment_status":"","ping_status":"","sticky":false,"template":"","format":"standard","meta":{"footnotes":""},"categories":[2815],"tags":[1111,11,1777,674,1011,27,811,1307,12,2119,25],"class_list":{"0":"post-138000","1":"post","2":"type-post","3":"status-publish","4":"format-standard","5":"has-post-thumbnail","7":"category-lille","8":"tag-actu","9":"tag-actualites","10":"tag-eu","11":"tag-europe","12":"tag-fr","13":"tag-france","14":"tag-hauts-de-france","15":"tag-lille","16":"tag-news","17":"tag-previsions-meteo","18":"tag-republique-francaise"},"share_on_mastodon":{"url":"https:\/\/pubeurope.com\/@fr\/114593865761006384","error":""},"_links":{"self":[{"href":"https:\/\/www.europesays.com\/fr\/wp-json\/wp\/v2\/posts\/138000","targetHints":{"allow":["GET"]}}],"collection":[{"href":"https:\/\/www.europesays.com\/fr\/wp-json\/wp\/v2\/posts"}],"about":[{"href":"https:\/\/www.europesays.com\/fr\/wp-json\/wp\/v2\/types\/post"}],"author":[{"embeddable":true,"href":"https:\/\/www.europesays.com\/fr\/wp-json\/wp\/v2\/users\/2"}],"replies":[{"embeddable":true,"href":"https:\/\/www.europesays.com\/fr\/wp-json\/wp\/v2\/comments?post=138000"}],"version-history":[{"count":0,"href":"https:\/\/www.europesays.com\/fr\/wp-json\/wp\/v2\/posts\/138000\/revisions"}],"wp:featuredmedia":[{"embeddable":true,"href":"https:\/\/www.europesays.com\/fr\/wp-json\/wp\/v2\/media\/138001"}],"wp:attachment":[{"href":"https:\/\/www.europesays.com\/fr\/wp-json\/wp\/v2\/media?parent=138000"}],"wp:term":[{"taxonomy":"category","embeddable":true,"href":"https:\/\/www.europesays.com\/fr\/wp-json\/wp\/v2\/categories?post=138000"},{"taxonomy":"post_tag","embeddable":true,"href":"https:\/\/www.europesays.com\/fr\/wp-json\/wp\/v2\/tags?post=138000"}],"curies":[{"name":"wp","href":"https:\/\/api.w.org\/{rel}","templated":true}]}}