{"id":138005,"date":"2025-05-30T00:08:19","date_gmt":"2025-05-30T00:08:19","guid":{"rendered":"https:\/\/www.europesays.com\/fr\/138005\/"},"modified":"2025-05-30T00:08:19","modified_gmt":"2025-05-30T00:08:19","slug":"psg-inter-de-lens-a-marseille-en-passant-par-la-creuse-plongee-dans-la-france-qui-adore-ou-deteste-le-club-de-la-capitale","status":"publish","type":"post","link":"https:\/\/www.europesays.com\/fr\/138005\/","title":{"rendered":"PSG-Inter : de Lens \u00e0 Marseille, en passant par la Creuse, plong\u00e9e dans la France qui adore ou d\u00e9teste le club de la capitale"},"content":{"rendered":"<p class=\"paragraph text_align_left\">\u00ab Je crois que tous les Fran\u00e7ais sont derri\u00e8re <a href=\"https:\/\/www.leparisien.fr\/sports\/football\/psg\/\" target=\"_blank\" rel=\"noreferrer nofollow noopener\">le PSG<\/a>, peut-\u00eatre m\u00eame les Marseillais \u00bb, osait, il y a quelques jours, la ministre des Sports, Marie Barsacq.<\/p>\n<p class=\"paragraph text_align_left\">Pour mesurer la cote du club parisien hors de son fief francilien avant la finale de la <a href=\"https:\/\/www.leparisien.fr\/sports\/football\/ligue-des-champions\/\" target=\"_blank\" rel=\"noreferrer nofollow noopener\">Ligue des champions<\/a>, ce samedi 31 mai, <a href=\"https:\/\/www.leparisien.fr\/sports\/football\/ligue-des-champions\/psg-inter-milan-une-finale-entre-faux-freres-28-05-2025-4C5SWCZPAFAUPFS4KJG7QYTWN4.php\" target=\"_blank\" rel=\"noreferrer nofollow noopener\">face \u00e0 l\u2019Inter Milan<\/a>, nous sommes all\u00e9s sonder le peuple de France, celui des villes, des champs et des banlieues, de Lens \u00e0 Marseille en passant par la Creuse.<\/p>\n","protected":false},"excerpt":{"rendered":"\u00ab Je crois que tous les Fran\u00e7ais sont derri\u00e8re le PSG, peut-\u00eatre m\u00eame les Marseillais \u00bb, osait, il&hellip;\n","protected":false},"author":2,"featured_media":138006,"comment_status":"","ping_status":"","sticky":false,"template":"","format":"standard","meta":{"footnotes":""},"categories":[2814],"tags":[1111,11,459,1777,674,63,1011,27,447,884,12,882,25,60],"class_list":{"0":"post-138005","1":"post","2":"type-post","3":"status-publish","4":"format-standard","5":"has-post-thumbnail","7":"category-marseille","8":"tag-actu","9":"tag-actualites","10":"tag-departements-horsidfo","11":"tag-eu","12":"tag-europe","13":"tag-football","14":"tag-fr","15":"tag-france","16":"tag-ligue-des-champions","17":"tag-marseille","18":"tag-news","19":"tag-provence-alpes-cote-dazur","20":"tag-republique-francaise","21":"tag-sports"},"share_on_mastodon":{"url":"https:\/\/pubeurope.com\/@fr\/114593877412955101","error":""},"_links":{"self":[{"href":"https:\/\/www.europesays.com\/fr\/wp-json\/wp\/v2\/posts\/138005","targetHints":{"allow":["GET"]}}],"collection":[{"href":"https:\/\/www.europesays.com\/fr\/wp-json\/wp\/v2\/posts"}],"about":[{"href":"https:\/\/www.europesays.com\/fr\/wp-json\/wp\/v2\/types\/post"}],"author":[{"embeddable":true,"href":"https:\/\/www.europesays.com\/fr\/wp-json\/wp\/v2\/users\/2"}],"replies":[{"embeddable":true,"href":"https:\/\/www.europesays.com\/fr\/wp-json\/wp\/v2\/comments?post=138005"}],"version-history":[{"count":0,"href":"https:\/\/www.europesays.com\/fr\/wp-json\/wp\/v2\/posts\/138005\/revisions"}],"wp:featuredmedia":[{"embeddable":true,"href":"https:\/\/www.europesays.com\/fr\/wp-json\/wp\/v2\/media\/138006"}],"wp:attachment":[{"href":"https:\/\/www.europesays.com\/fr\/wp-json\/wp\/v2\/media?parent=138005"}],"wp:term":[{"taxonomy":"category","embeddable":true,"href":"https:\/\/www.europesays.com\/fr\/wp-json\/wp\/v2\/categories?post=138005"},{"taxonomy":"post_tag","embeddable":true,"href":"https:\/\/www.europesays.com\/fr\/wp-json\/wp\/v2\/tags?post=138005"}],"curies":[{"name":"wp","href":"https:\/\/api.w.org\/{rel}","templated":true}]}}