{"id":138007,"date":"2025-05-30T00:09:10","date_gmt":"2025-05-30T00:09:10","guid":{"rendered":"https:\/\/www.europesays.com\/fr\/138007\/"},"modified":"2025-05-30T00:09:10","modified_gmt":"2025-05-30T00:09:10","slug":"previsions-du-vendredi-30-mai-2025-9","status":"publish","type":"post","link":"https:\/\/www.europesays.com\/fr\/138007\/","title":{"rendered":"pr\u00e9visions du vendredi 30 mai 2025"},"content":{"rendered":"<p>Lyon va vivre une splendide journ\u00e9e tr\u00e8s ensoleill\u00e9e. Les temp\u00e9ratures afficheront entre 12 et 28\u00b0C. Un vent de nord-est soufflera l\u00e9g\u00e8rement, avec 4 km\/h. Les temp\u00e9ratures vont monter pendant l&rsquo;apr\u00e8s-midi de plusieurs degr\u00e9s. Les valeurs s&rsquo;\u00e9chelonneront de 27 \u00e0 28\u00b0C. Le passage de vendredi \u00e0 samedi s&rsquo;effectuera sous un ciel limpide.<\/p>\n<p>Un beau soleil est attendu demain \u00e0 Lyon. Le temps va se r\u00e9chauffer avec une hausse de quelques degr\u00e9s. La ville va conna\u00eetre un passage de grosses chaleurs avec des temp\u00e9ratures qui rejoindront parfois les 30\u00b0C. Les valeurs s&rsquo;\u00e9chelonneront entre 15 et 30\u00b0C. Une l\u00e9g\u00e8re brise de sud-est sera ressentie par les habitants. L&rsquo;\u00e9pisode de fortes chaleurs est bien l\u00e0, avec des temp\u00e9ratures qui pourront aller jusqu&rsquo;\u00e0 30\u00b0C demain apr\u00e8s-midi. Les maximales pourront atteindre 30\u00b0C alors que les minimales seront de 21\u00b0C. Des averses tomberont demain soir.<\/p>\n<p>Les conditions m\u00e9t\u00e9orologiques des journ\u00e9es suivantes vont changer progressivement. Le temps se maintiendra dimanche mais une d\u00e9gradation s&rsquo;ensuivra lundi.<\/p>\n<p><\/p>\n","protected":false},"excerpt":{"rendered":"Lyon va vivre une splendide journ\u00e9e tr\u00e8s ensoleill\u00e9e. Les temp\u00e9ratures afficheront entre 12 et 28\u00b0C. Un vent de&hellip;\n","protected":false},"author":2,"featured_media":138008,"comment_status":"","ping_status":"","sticky":false,"template":"","format":"standard","meta":{"footnotes":""},"categories":[1889],"tags":[1111,11,2430,1777,674,1011,27,2428,12,2119,25,2429,2431],"class_list":{"0":"post-138007","1":"post","2":"type-post","3":"status-publish","4":"format-standard","5":"has-post-thumbnail","7":"category-lyon","8":"tag-actu","9":"tag-actualites","10":"tag-auvergne-rhone-alpes","11":"tag-eu","12":"tag-europe","13":"tag-fr","14":"tag-france","15":"tag-lyon","16":"tag-news","17":"tag-previsions-meteo","18":"tag-republique-francaise","19":"tag-rhone","20":"tag-rhone-alpes"},"share_on_mastodon":{"url":"https:\/\/pubeurope.com\/@fr\/114593881363576919","error":""},"_links":{"self":[{"href":"https:\/\/www.europesays.com\/fr\/wp-json\/wp\/v2\/posts\/138007","targetHints":{"allow":["GET"]}}],"collection":[{"href":"https:\/\/www.europesays.com\/fr\/wp-json\/wp\/v2\/posts"}],"about":[{"href":"https:\/\/www.europesays.com\/fr\/wp-json\/wp\/v2\/types\/post"}],"author":[{"embeddable":true,"href":"https:\/\/www.europesays.com\/fr\/wp-json\/wp\/v2\/users\/2"}],"replies":[{"embeddable":true,"href":"https:\/\/www.europesays.com\/fr\/wp-json\/wp\/v2\/comments?post=138007"}],"version-history":[{"count":0,"href":"https:\/\/www.europesays.com\/fr\/wp-json\/wp\/v2\/posts\/138007\/revisions"}],"wp:featuredmedia":[{"embeddable":true,"href":"https:\/\/www.europesays.com\/fr\/wp-json\/wp\/v2\/media\/138008"}],"wp:attachment":[{"href":"https:\/\/www.europesays.com\/fr\/wp-json\/wp\/v2\/media?parent=138007"}],"wp:term":[{"taxonomy":"category","embeddable":true,"href":"https:\/\/www.europesays.com\/fr\/wp-json\/wp\/v2\/categories?post=138007"},{"taxonomy":"post_tag","embeddable":true,"href":"https:\/\/www.europesays.com\/fr\/wp-json\/wp\/v2\/tags?post=138007"}],"curies":[{"name":"wp","href":"https:\/\/api.w.org\/{rel}","templated":true}]}}