{"id":138009,"date":"2025-05-30T00:10:16","date_gmt":"2025-05-30T00:10:16","guid":{"rendered":"https:\/\/www.europesays.com\/fr\/138009\/"},"modified":"2025-05-30T00:10:16","modified_gmt":"2025-05-30T00:10:16","slug":"gros-bouchons-apres-une-coupure-de-la89-enormement-de-monde-sur-la7-au-sud-de-lyon","status":"publish","type":"post","link":"https:\/\/www.europesays.com\/fr\/138009\/","title":{"rendered":"gros bouchons apr\u00e8s une coupure de l&rsquo;A89, \u00e9norm\u00e9ment de monde sur l&rsquo;A7 au sud de Lyon"},"content":{"rendered":"<p>A89<\/p>\n<p>\u00c7a coince sur l&rsquo;A89, au nord de Lyon, \u00e0 hauteur de Balbigny, sur pr\u00e8s de 8 kilom\u00e8tres. Vous circulez sur deux\u00a0voies de circulation, en direction de Clermont-Ferrand, puis une seule voie\u00a0jusqu&rsquo;\u00e0\u00a0la bifurcation avec l&rsquo;A72.<\/p>\n<p>A7<\/p>\n<p>Du c\u00f4t\u00e9 de Lyon, c&rsquo;est charg\u00e9, comme pr\u00e9vu, sur les routes m\u00e9tropolitaines M6 et M7, et en\u00a0redescendant sur Chasse-sur-Rh\u00f4ne. Comptez 45 minutes au lieu des 20 minutes.\u00a0<\/p>\n<p>Apr\u00e8s le p\u00e9age de Vienne, patience encore jusqu&rsquo;\u00e0 Orange : temps de parcours estim\u00e9 \u00e0 3h25 au lieu d&rsquo;1h35.\u00a0<\/p>\n<p>Ce contenu est bloqu\u00e9 car vous n&rsquo;avez pas accept\u00e9 les cookies et autres traceurs.<\/p>\n<p>En cliquant sur \u00ab J\u2019accepte \u00bb, les cookies et autres traceurs seront d\u00e9pos\u00e9s et vous pourrez visualiser les contenus  (<a href=\"\" class=\"consentModule_policy\" target=\"_blank\" title=\"Consulter la politique de protection des donn\u00e9es du fournisseur\">plus d&rsquo;informations<\/a>).<\/p>\n<p>En cliquant sur \u00ab J\u2019accepte tous les cookies \u00bb, vous autorisez des d\u00e9p\u00f4ts de cookies et autres traceurs pour le stockage de vos donn\u00e9es sur nos sites et applications \u00e0 des fins de personnalisation et de ciblage publicitaire.<\/p>\n<p class=\"consentModule_secondaryText\">Vous gardez la possibilit\u00e9 de retirer votre consentement \u00e0 tout moment en consultant notre <a href=\"https:\/\/www.leprogres.fr\/protection-des-donnees\" target=\"_blank\" title=\"Consulter notre politique de protection des donn\u00e9es\" rel=\"noopener\">politique de protection des donn\u00e9es<\/a>. <br \/>&#13;<br \/>\n            <a href=\"https:\/\/www.leprogres.fr\/transport\/2025\/05\/29\/javascript:Didomi.notice.show()\" class=\"consentModule_cmp\" target=\"_blank\" rel=\"noopener\">G\u00e9rer mes choix<\/a>&#13;\n        <\/p>\n<p>&#13;<br \/>\n                        J&rsquo;accepte&#13;<br \/>\n            J&rsquo;accepte tous les cookies&#13;\n        <\/p>\n","protected":false},"excerpt":{"rendered":"A89 \u00c7a coince sur l&rsquo;A89, au nord de Lyon, \u00e0 hauteur de Balbigny, sur pr\u00e8s de 8 kilom\u00e8tres.&hellip;\n","protected":false},"author":2,"featured_media":138010,"comment_status":"","ping_status":"","sticky":false,"template":"","format":"standard","meta":{"footnotes":""},"categories":[1889],"tags":[1111,11,2430,3542,3152,2757,3153,3154,3155,3156,1777,674,107,1011,27,2428,12,25,2429,1097,2803],"class_list":{"0":"post-138009","1":"post","2":"type-post","3":"status-publish","4":"format-standard","5":"has-post-thumbnail","7":"category-lyon","8":"tag-actu","9":"tag-actualites","10":"tag-auvergne-rhone-alpes","11":"tag-circulation","12":"tag-edition-est-lyonnais","13":"tag-edition-lyon-villeurbanne","14":"tag-edition-ouest-lyonnais","15":"tag-edition-sud-lyonnais","16":"tag-edition-tarare","17":"tag-edition-villefranche","18":"tag-eu","19":"tag-europe","20":"tag-fil-info","21":"tag-fr","22":"tag-france","23":"tag-lyon","24":"tag-news","25":"tag-republique-francaise","26":"tag-rhone","27":"tag-trafic","28":"tag-transport"},"share_on_mastodon":{"url":"https:\/\/pubeurope.com\/@fr\/114593885302545235","error":""},"_links":{"self":[{"href":"https:\/\/www.europesays.com\/fr\/wp-json\/wp\/v2\/posts\/138009","targetHints":{"allow":["GET"]}}],"collection":[{"href":"https:\/\/www.europesays.com\/fr\/wp-json\/wp\/v2\/posts"}],"about":[{"href":"https:\/\/www.europesays.com\/fr\/wp-json\/wp\/v2\/types\/post"}],"author":[{"embeddable":true,"href":"https:\/\/www.europesays.com\/fr\/wp-json\/wp\/v2\/users\/2"}],"replies":[{"embeddable":true,"href":"https:\/\/www.europesays.com\/fr\/wp-json\/wp\/v2\/comments?post=138009"}],"version-history":[{"count":0,"href":"https:\/\/www.europesays.com\/fr\/wp-json\/wp\/v2\/posts\/138009\/revisions"}],"wp:featuredmedia":[{"embeddable":true,"href":"https:\/\/www.europesays.com\/fr\/wp-json\/wp\/v2\/media\/138010"}],"wp:attachment":[{"href":"https:\/\/www.europesays.com\/fr\/wp-json\/wp\/v2\/media?parent=138009"}],"wp:term":[{"taxonomy":"category","embeddable":true,"href":"https:\/\/www.europesays.com\/fr\/wp-json\/wp\/v2\/categories?post=138009"},{"taxonomy":"post_tag","embeddable":true,"href":"https:\/\/www.europesays.com\/fr\/wp-json\/wp\/v2\/tags?post=138009"}],"curies":[{"name":"wp","href":"https:\/\/api.w.org\/{rel}","templated":true}]}}