{"id":138015,"date":"2025-05-30T00:14:12","date_gmt":"2025-05-30T00:14:12","guid":{"rendered":"https:\/\/www.europesays.com\/fr\/138015\/"},"modified":"2025-05-30T00:14:12","modified_gmt":"2025-05-30T00:14:12","slug":"entre-esprit-de-paris-2024-et-exces-une-fievre-bleue-au-double-visage-sinvite-a-roland-garros","status":"publish","type":"post","link":"https:\/\/www.europesays.com\/fr\/138015\/","title":{"rendered":"entre esprit de Paris 2024 et exc\u00e8s, une fi\u00e8vre bleue au double visage s\u2019invite \u00e0 Roland-Garros"},"content":{"rendered":"<p>Port\u00e9es par une ferveur patriotique digne de celle des derniers Jeux, les tribunes de Roland-Garros vibrent\u2026 parfois trop.<\/p>\n<p class=\"fig-paragraph\">\u00ab\u00a0L\u2019atmosph\u00e8re \u00e9tait horrible. On m\u2019a crach\u00e9 dessus, jet\u00e9 des objets\u2026\u00a0\u00bb Mercredi, apr\u00e8s sa d\u00e9faite en quatre manches face au Fran\u00e7ais<a href=\"http:\/\/www.lefigaro.fr\/sports\/tennis\/roland-garros\/roland-garros-magnifique-quentin-halys-qualifie-au-troisieme-tour-20250528\" data-fig-type=\"NewsFlash\" data-gtm-custom-categorie=\"navigation\" data-gtm-custom-action=\"crossclick\" data-gtm-custom-label=\"Contextuel\" data-gtm-event=\"customEventSPE\" data-fig-domain=\"LEFIGARO\" target=\"_blank\" rel=\"noopener\">\u00a0Quentin Halys<\/a>, Miomir Kecmanovic \u00e9tait revenu, aupr\u00e8s du m\u00e9dia serbe SportKlub, sur ce qu\u2019il venait de vivre \u00e0 Roland-Garros, dans des termes rappelant fortement ceux prononc\u00e9s un an auparavant par\u00a0<a href=\"http:\/\/www.lefigaro.fr\/sports\/tennis\/roland-garros\/roland-garros-la-belgique-perd-deux-representants-apres-l-annonce-des-forfaits-de-david-goffin-et-raphael-collignon-20250521\" data-fig-type=\"NewsFlash\" data-gtm-custom-categorie=\"navigation\" data-gtm-custom-action=\"crossclick\" data-gtm-custom-label=\"Contextuel\" data-gtm-event=\"customEventSPE\" data-fig-domain=\"LEFIGARO\" target=\"_blank\" rel=\"noopener\">David Goffin<\/a>. Victorieux de Giovanni Mpetshi\u00a0Perricard, le Belge n\u2019avait alors gu\u00e8re go\u00fbt\u00e9 \u00e0 \u00ab\u00a0l\u2019ambiance malsaine\u00a0\u00bb, selon ses propres mots, r\u00e9gnant dans les tribunes. \u00ab\u00a0\u00c7a devient du foot, bient\u00f4t il y aura des fumig\u00e8nes, des hooligans et \u00e7a se battra dans les tribunes. \u00c7a commence \u00e0 devenir ridicule. Certains sont plus l\u00e0 pour foutre le bordel que pour mettre l\u2019ambiance. Aujourd\u2019hui, quelqu\u2019un m\u2019a crach\u00e9 son chewing-gum.\u00a0\u00bb<\/p>\n<p class=\"fig-paragraph\">Des d\u00e9bordements, il y en a eu aussi mardi \u00e0 l\u2019occasion du match opposant le Fran\u00e7ais Alexandre Muller \u00e0 la t\u00eate de s\u00e9rie num\u00e9ro\u00a019, Jakub Mensik, en particulier \u00e0 la fin d\u2019un troisi\u00e8me set extr\u00eamement tendu et remport\u00e9 par le\u2026<\/p>\n<p class=\"fig-premium-paywall__infos\">\n        Cet article est r\u00e9serv\u00e9 aux abonn\u00e9s.        Il vous reste 83% \u00e0 d\u00e9couvrir.\n    <\/p>\n<p>                <img  data- alt=\"Le Figaro\" class=\"fig-img--complete fig-img\"\/><\/p>\n<p class=\"fig-premium-paywall__title\">Vente Flash<\/p>\n<p class=\"fig-premium-paywall__subtitle\">4,99\u20ac par mois pendant 12 mois. Sans engagement.<\/p>\n<p class=\"fig-premium-paywall__connect\">\n                D\u00e9j\u00e0 abonn\u00e9\u00a0?                <a class=\"fig-premium-paywall__connect-link\" href=\"https:\/\/connect.lefigaro.fr\/login?client=horizon_web&amp;type=main&amp;redirect_uri=https%3A%2F%2Fwww.lefigaro.fr%2Fsports%2Ftennis%2Froland-garros%2Fca-commence-a-devenir-ridicule-entre-esprit-de-paris-2024-et-exces-une-fievre-bleue-au-double-visage-s-invite-a-roland-garros-20250529\" data-js-gtm=\"{&quot;customCategorie&quot;: &quot;conversion&quot;, &quot;customAction&quot;: &quot;before_Landing_Connexion_paywall_auto&quot;, &quot;customLabel&quot;: &quot;bGVmaWdhcm8uZnJfXzFmMDNjOTI0LTliNzctNjU1MC1iYzdhLWU5Y2UzZDFmNmRkZl9fQXJ0aWNsZQ==_\u00ab\u00c7a commence \u00e0 devenir ridicule\u00bb: entre esprit de Paris 2024 et exc\u00e8s, une fi\u00e8vre bleue au double visage s\u2019invite \u00e0 Roland-Garros_224&quot;, &quot;customIDSPE&quot;: &quot;bGVmaWdhcm8uZnJfXzFmMDNjOTI0LTliNzctNjU1MC1iYzdhLWU5Y2UzZDFmNmRkZl9fQXJ0aWNsZQ==&quot;, &quot;event&quot;: &quot;customEventSPE&quot;}\" target=\"_blank\" rel=\"noopener\"><br \/>\n                    Connectez-vous<br \/>\n                <\/a>\n            <\/p>\n","protected":false},"excerpt":{"rendered":"Port\u00e9es par une ferveur patriotique digne de celle des derniers Jeux, les tribunes de Roland-Garros vibrent\u2026 parfois trop.&hellip;\n","protected":false},"author":2,"featured_media":138016,"comment_status":"","ping_status":"","sticky":false,"template":"","format":"standard","meta":{"footnotes":""},"categories":[1888],"tags":[1111,1928,11,1927,4169,105,1777,674,2199,1011,27,24473,7941,1960,12,1926,626,1925,25,24472,4171,1467,4170],"class_list":{"0":"post-138015","1":"post","2":"type-post","3":"status-publish","4":"format-standard","5":"has-post-thumbnail","7":"category-paris","8":"tag-actu","9":"tag-actu-paris","10":"tag-actualites","11":"tag-actualites-paris","12":"tag-atp","13":"tag-djokovic","14":"tag-eu","15":"tag-europe","16":"tag-federer","17":"tag-fr","18":"tag-france","19":"tag-internationaux-de-france","20":"tag-jo-paris-2024","21":"tag-nadal","22":"tag-news","23":"tag-news-paris","24":"tag-paris","25":"tag-paris-news","26":"tag-republique-francaise","27":"tag-rg","28":"tag-roland-garros","29":"tag-tennis","30":"tag-wta"},"share_on_mastodon":{"url":"https:\/\/pubeurope.com\/@fr\/114593900980477371","error":""},"_links":{"self":[{"href":"https:\/\/www.europesays.com\/fr\/wp-json\/wp\/v2\/posts\/138015","targetHints":{"allow":["GET"]}}],"collection":[{"href":"https:\/\/www.europesays.com\/fr\/wp-json\/wp\/v2\/posts"}],"about":[{"href":"https:\/\/www.europesays.com\/fr\/wp-json\/wp\/v2\/types\/post"}],"author":[{"embeddable":true,"href":"https:\/\/www.europesays.com\/fr\/wp-json\/wp\/v2\/users\/2"}],"replies":[{"embeddable":true,"href":"https:\/\/www.europesays.com\/fr\/wp-json\/wp\/v2\/comments?post=138015"}],"version-history":[{"count":0,"href":"https:\/\/www.europesays.com\/fr\/wp-json\/wp\/v2\/posts\/138015\/revisions"}],"wp:featuredmedia":[{"embeddable":true,"href":"https:\/\/www.europesays.com\/fr\/wp-json\/wp\/v2\/media\/138016"}],"wp:attachment":[{"href":"https:\/\/www.europesays.com\/fr\/wp-json\/wp\/v2\/media?parent=138015"}],"wp:term":[{"taxonomy":"category","embeddable":true,"href":"https:\/\/www.europesays.com\/fr\/wp-json\/wp\/v2\/categories?post=138015"},{"taxonomy":"post_tag","embeddable":true,"href":"https:\/\/www.europesays.com\/fr\/wp-json\/wp\/v2\/tags?post=138015"}],"curies":[{"name":"wp","href":"https:\/\/api.w.org\/{rel}","templated":true}]}}