{"id":138022,"date":"2025-05-30T00:18:11","date_gmt":"2025-05-30T00:18:11","guid":{"rendered":"https:\/\/www.europesays.com\/fr\/138022\/"},"modified":"2025-05-30T00:18:11","modified_gmt":"2025-05-30T00:18:11","slug":"sur-le-front-ukrainien-lepuisement-des-soldats-nous-nen-pouvons-plus-de-voir-mourir-nos-camarades","status":"publish","type":"post","link":"https:\/\/www.europesays.com\/fr\/138022\/","title":{"rendered":"Sur le front ukrainien, l\u2019\u00e9puisement des soldats: \u00abNous n\u2019en pouvons plus de voir mourir nos camarades\u00bb"},"content":{"rendered":"<p>              <a tabindex=\"-1\" title=\"Boris Mabillard\" href=\"https:\/\/www.letemps.ch\/profil\/boris-mabillard\" target=\"_blank\" rel=\"noopener\"><\/p>\n<p>                    <img decoding=\"async\" src=\"https:\/\/www.europesays.com\/fr\/wp-content\/uploads\/2025\/04\/1743831073_125_small.jpeg\" class=\"lazy\" alt=\"\"\/><\/p>\n<p><\/a>        <\/p>\n<p>    Publi\u00e9 le 29 mai 2025 \u00e0 12:18.<\/p>\n<p class=\"article__abstract-call-to-action\" data-ariato=\"TrackableElement\" data-trackable-element-type=\"article_abstract_cta\" data-trackable-element-location=\"article_header\" data-trackable-element-id=\"496340\">\n          <a data-event=\"click-&gt;clicked\" href=\"https:\/\/www.letemps.ch\/abonnements\" target=\"_blank\" rel=\"noopener\">Abonnez-vous<\/a> pour acc\u00e9der au r\u00e9sum\u00e9 en 20 secondes.\n        <\/p>\n<p>Les rafales r\u00e9veillent soudain Alexandre comme si la mitrailleuse lourde de la d\u00e9fense antia\u00e9rienne avait \u00e9t\u00e9 plac\u00e9e dans la chambre. Une \u00e9ni\u00e8me nuit contrari\u00e9e pour Sacha, un sergent au sein de la 32e\u00a0brigade, d\u00e9ploy\u00e9e vers Pokrovsk, dans l\u2019est de l\u2019Ukraine, sur un des tron\u00e7ons les plus chauds du front. L\u2019intensit\u00e9 des combats a redoubl\u00e9 ces derni\u00e8res semaines: l\u2019arm\u00e9e russe tente d\u2019encercler la ville de Pokrovsk d\u00e9sormais presque vid\u00e9e de ses habitants et grignote l\u2019oblast (r\u00e9gion) de Donetsk au m\u00eame rythme qu\u2019\u00e0 l\u2019automne dernier. Alors que le pr\u00e9sident ukrainien Volodymyr Zelensky n\u00e9gocie en Allemagne la livraison de missiles de croisi\u00e8re Taurus et l\u2019instauration de nouvelles sanctions contre la Russie, sur la ligne de front, rien ne pr\u00e9sage d\u2019une fin prochaine des hostilit\u00e9s.<\/p>\n<p><strong>Ecoutez cet article lu par une IA \u2013<\/strong>\u00a0<a href=\"https:\/\/www.letemps.ch\/articles\/sirius\/bGV0ZW1wczpBcnRpY2xlOjQ2NjA2Mw\" rel=\"nofollow noopener\" target=\"_blank\">Pour en savoir plus<\/a><\/p>\n<p>    L\u2019histoire ne s\u2019arr\u00eate pas l\u00e0.<\/p>\n<p class=\"post-subscribe__mention\">Restez inform\u00e9(e) sans limites pendant toute l&rsquo;ann\u00e9e \u2192 votre abonnement digital mensuel d\u00e8s CHF 29.- \/ mois.<\/p>\n<p class=\"post-subscribe__mention post-subscribe__mention--temporary\">Abonnez-vous en quelques clics et payez facilement avec <b>Twint<\/b>.<\/p>\n<p>    <a class=\"button is-secondary\" data-event=\"click-&gt;clicked\" href=\"https:\/\/www.letemps.ch\/abonnements?wall_id=19\" target=\"_blank\" rel=\"noopener\">Je m&rsquo;abonne<\/a><\/p>\n<p class=\"post-subscribe__login\">\n        Vous avez d\u00e9j\u00e0 un compte ?<br \/>\n        <a class=\"link\" rel=\"nofollow noopener\" href=\"https:\/\/www.letemps.ch\/compte\/connexion?return_to=https%3A%2F%2Fwww.letemps.ch%2Fmonde%2Feurope%2Fsur-le-front-ukrainien-l-epuisement-des-soldats-nous-n-en-pouvons-plus-de-voir-mourir-nos-camarades\" target=\"_blank\">Se connecter<\/a>\n      <\/p>\n","protected":false},"excerpt":{"rendered":"Publi\u00e9 le 29 mai 2025 \u00e0 12:18. Abonnez-vous pour acc\u00e9der au r\u00e9sum\u00e9 en 20 secondes. Les rafales r\u00e9veillent&hellip;\n","protected":false},"author":2,"featured_media":138023,"comment_status":"","ping_status":"","sticky":false,"template":"","format":"standard","meta":{"footnotes":""},"categories":[1590],"tags":[11,75,1777,674,12,301,132,220,135],"class_list":{"0":"post-138022","1":"post","2":"type-post","3":"status-publish","4":"format-standard","5":"has-post-thumbnail","7":"category-ukraine","8":"tag-actualites","9":"tag-donald-trump","10":"tag-eu","11":"tag-europe","12":"tag-news","13":"tag-premium","14":"tag-russie","15":"tag-ukraine","16":"tag-vladimir-poutine"},"share_on_mastodon":{"url":"https:\/\/pubeurope.com\/@fr\/114593916788760756","error":""},"_links":{"self":[{"href":"https:\/\/www.europesays.com\/fr\/wp-json\/wp\/v2\/posts\/138022","targetHints":{"allow":["GET"]}}],"collection":[{"href":"https:\/\/www.europesays.com\/fr\/wp-json\/wp\/v2\/posts"}],"about":[{"href":"https:\/\/www.europesays.com\/fr\/wp-json\/wp\/v2\/types\/post"}],"author":[{"embeddable":true,"href":"https:\/\/www.europesays.com\/fr\/wp-json\/wp\/v2\/users\/2"}],"replies":[{"embeddable":true,"href":"https:\/\/www.europesays.com\/fr\/wp-json\/wp\/v2\/comments?post=138022"}],"version-history":[{"count":0,"href":"https:\/\/www.europesays.com\/fr\/wp-json\/wp\/v2\/posts\/138022\/revisions"}],"wp:featuredmedia":[{"embeddable":true,"href":"https:\/\/www.europesays.com\/fr\/wp-json\/wp\/v2\/media\/138023"}],"wp:attachment":[{"href":"https:\/\/www.europesays.com\/fr\/wp-json\/wp\/v2\/media?parent=138022"}],"wp:term":[{"taxonomy":"category","embeddable":true,"href":"https:\/\/www.europesays.com\/fr\/wp-json\/wp\/v2\/categories?post=138022"},{"taxonomy":"post_tag","embeddable":true,"href":"https:\/\/www.europesays.com\/fr\/wp-json\/wp\/v2\/tags?post=138022"}],"curies":[{"name":"wp","href":"https:\/\/api.w.org\/{rel}","templated":true}]}}