{"id":138029,"date":"2025-05-30T00:22:09","date_gmt":"2025-05-30T00:22:09","guid":{"rendered":"https:\/\/www.europesays.com\/fr\/138029\/"},"modified":"2025-05-30T00:22:09","modified_gmt":"2025-05-30T00:22:09","slug":"spotify-atteint-100-millions-dabonnes-payants-en-europe","status":"publish","type":"post","link":"https:\/\/www.europesays.com\/fr\/138029\/","title":{"rendered":"Spotify atteint 100 millions d\u2019abonn\u00e9s payants en Europe"},"content":{"rendered":"<p>\u00c0 l\u2019occasion de son \u00e9v\u00e9nement Open House organis\u00e9 \u00e0 Stockholm, <a target=\"_blank\" rel=\"noopener\" href=\"https:\/\/fr.themedialeader.com\/christine-jolly-spotify-spotify-devient-une-plateforme-multiformat-bien-au-dela-de-la-musique\/\">Spotify<\/a> a lev\u00e9 le voile sur les donn\u00e9es 2025 de son rapport Loud &amp; Clear, offrant un \u00e9clairage in\u00e9dit sur les revenus g\u00e9n\u00e9r\u00e9s par les artistes europ\u00e9ens dans l\u2019\u00e9conomie du streaming. La plateforme en a profit\u00e9 pour annoncer un jalon majeur : elle compte d\u00e9sormais 100 millions d\u2019abonn\u00e9s payants en Europe, sur un total de 678 millions d\u2019utilisateurs actifs dans le monde.<\/p>\n<p>Les chiffres publi\u00e9s soulignent une ann\u00e9e record : les ayants droit de l\u2019Union europ\u00e9enne ont per\u00e7u plus de 1,7 milliard d\u2019euros en 2024, soit une hausse de 15% par rapport \u00e0 l\u2019ann\u00e9e pr\u00e9c\u00e9dente, quasiment le double de 2020 et plus de trois fois les montants de 2017. Spotify affirme ainsi son r\u00f4le central dans la cha\u00eene de valeur musicale europ\u00e9enne.<\/p>\n<p>Daniel Ek, fondateur et PDG de Spotify, rappelle que la plateforme est aujourd\u2019hui \u00ab\u202fle seul service de streaming \u00e0 publier des donn\u00e9es aussi d\u00e9taill\u00e9es sur la r\u00e9mun\u00e9ration des artistes\u202f\u00bb. Il pr\u00e9cise que \u00ab\u202fles outils dont nous disposons aujourd\u2019hui sont tout simplement stup\u00e9fiants\u202f\u00bb, et que cette transparence vise \u00e0 mieux faire comprendre aux artistes, aux labels et au public comment le streaming redistribue la valeur.<\/p>\n<p>Une sc\u00e8ne europ\u00e9enne de plus en plus internationale<\/p>\n<p>En 2024, les artistes europ\u00e9ens ont \u00e9t\u00e9 d\u00e9couverts pr\u00e8s de 28 milliards de fois dans le monde via Spotify. Les Europ\u00e9ens eux-m\u00eames ont \u00e9cout\u00e9 des artistes du continent 351,66 milliards de fois, et ces d\u00e9couvertes se sont export\u00e9es : 830 millions de playlists am\u00e9ricaines, 183 millions au Mexique et 148 millions au Br\u00e9sil ont inclus des artistes europ\u00e9ens.<\/p>\n<p>L\u2019italien a m\u00eame d\u00e9pass\u00e9 pour la premi\u00e8re fois le seuil des 100 millions de dollars g\u00e9n\u00e9r\u00e9s, rejoignant d\u2019autres langues europ\u00e9ennes dynamiques comme l\u2019espagnol, l\u2019allemand ou le su\u00e9dois. Cette diversit\u00e9 linguistique s\u2019affirme : 57% des redevances vers\u00e9es \u00e0 des artistes europ\u00e9ens en 2024 concernaient des \u0153uvres chant\u00e9es dans une autre langue que l\u2019anglais, un record historique.<\/p>\n<p>Autre \u00e9volution majeure : les artistes f\u00e9minines europ\u00e9ennes ont vu leurs \u00e9coutes bondir de 83% dans le monde depuis quatre ans. Spotify met en avant son programme EQUAL, qui a soutenu plus de 400 artistes f\u00e9minines via de la mise en avant \u00e9ditoriale, des formations et des opportunit\u00e9s de r\u00e9seautage.<\/p>\n<p>En parall\u00e8le, les artistes ind\u00e9pendants gagnent du terrain : en Allemagne, plus de la moiti\u00e9 des redevances sont aujourd\u2019hui g\u00e9n\u00e9r\u00e9es par des ind\u00e9pendants ou des labels non affili\u00e9s aux majors. Au Danemark, 192 artistes ont d\u00e9pass\u00e9 les 500 000 couronnes danoises de revenus en 2024, un chiffre quasiment doubl\u00e9 depuis 2017.<\/p>\n<p>Un potentiel port\u00e9 par l\u2019IA, mais centr\u00e9 sur les humains<\/p>\n<p>Interrog\u00e9 sur les d\u00e9bats autour de la musique g\u00e9n\u00e9r\u00e9e par intelligence artificielle, Daniel Ek a tenu \u00e0 clarifier sa position : \u00ab\u202fNous voulons que les vrais humains r\u00e9ussissent en tant qu\u2019artistes et cr\u00e9ateurs. Mais qu\u2019en est-il de la cr\u00e9ativit\u00e9 \u00e0 l\u2019avenir avec l\u2019IA ? Je n\u2019en sais rien. Qu\u2019est-ce que la musique ?\u202f\u00bb<\/p>\n<p>Faisant r\u00e9f\u00e9rence \u00e0 l\u2019histoire de la musique \u00e9lectronique ou du hip-hop, initialement marginalis\u00e9s, il invite \u00e0 ne pas craindre trop vite les \u00e9volutions technologiques : \u00ab\u202fLes barri\u00e8res \u00e0 la cr\u00e9ation sont de plus en plus basses. De plus en plus de gens vont cr\u00e9er. Je vois l\u2019arriv\u00e9e de l\u2019IA dans la musique bien plus comme une \u00e9volution que comme une r\u00e9volution.\u202f\u00bb<\/p>\n<p>Spotify r\u00e9fute par ailleurs les accusations selon lesquelles elle aurait promu sur ses playlists des morceaux produits par l\u2019IA sous des faux profils pour limiter les co\u00fbts en droits d\u2019auteur.<\/p>\n<p>Avec un premier b\u00e9n\u00e9fice net annuel engrang\u00e9 en 2024, Spotify entend d\u00e9sormais franchir une nouvelle \u00e9tape.\u00a0\u00ab\u202fJe ne pense pas qu\u2019il y ait le moindre doute sur le fait que le potentiel de Spotify est d\u2019atteindre un jour plus d\u2019un milliard d\u2019abonn\u00e9s payants\u202f\u00bb, affirme Daniel Ek<\/p>\n","protected":false},"excerpt":{"rendered":"\u00c0 l\u2019occasion de son \u00e9v\u00e9nement Open House organis\u00e9 \u00e0 Stockholm, Spotify a lev\u00e9 le voile sur les donn\u00e9es&hellip;\n","protected":false},"author":2,"featured_media":138030,"comment_status":"","ping_status":"","sticky":false,"template":"","format":"standard","meta":{"footnotes":""},"categories":[1586],"tags":[11,1777,674,1011,27,12,25,128],"class_list":{"0":"post-138029","1":"post","2":"type-post","3":"status-publish","4":"format-standard","5":"has-post-thumbnail","7":"category-europe","8":"tag-actualites","9":"tag-eu","10":"tag-europe","11":"tag-fr","12":"tag-france","13":"tag-news","14":"tag-republique-francaise","15":"tag-streaming"},"share_on_mastodon":{"url":"https:\/\/pubeurope.com\/@fr\/114593932775704734","error":""},"_links":{"self":[{"href":"https:\/\/www.europesays.com\/fr\/wp-json\/wp\/v2\/posts\/138029","targetHints":{"allow":["GET"]}}],"collection":[{"href":"https:\/\/www.europesays.com\/fr\/wp-json\/wp\/v2\/posts"}],"about":[{"href":"https:\/\/www.europesays.com\/fr\/wp-json\/wp\/v2\/types\/post"}],"author":[{"embeddable":true,"href":"https:\/\/www.europesays.com\/fr\/wp-json\/wp\/v2\/users\/2"}],"replies":[{"embeddable":true,"href":"https:\/\/www.europesays.com\/fr\/wp-json\/wp\/v2\/comments?post=138029"}],"version-history":[{"count":0,"href":"https:\/\/www.europesays.com\/fr\/wp-json\/wp\/v2\/posts\/138029\/revisions"}],"wp:featuredmedia":[{"embeddable":true,"href":"https:\/\/www.europesays.com\/fr\/wp-json\/wp\/v2\/media\/138030"}],"wp:attachment":[{"href":"https:\/\/www.europesays.com\/fr\/wp-json\/wp\/v2\/media?parent=138029"}],"wp:term":[{"taxonomy":"category","embeddable":true,"href":"https:\/\/www.europesays.com\/fr\/wp-json\/wp\/v2\/categories?post=138029"},{"taxonomy":"post_tag","embeddable":true,"href":"https:\/\/www.europesays.com\/fr\/wp-json\/wp\/v2\/tags?post=138029"}],"curies":[{"name":"wp","href":"https:\/\/api.w.org\/{rel}","templated":true}]}}