{"id":138039,"date":"2025-05-30T00:27:08","date_gmt":"2025-05-30T00:27:08","guid":{"rendered":"https:\/\/www.europesays.com\/fr\/138039\/"},"modified":"2025-05-30T00:27:08","modified_gmt":"2025-05-30T00:27:08","slug":"pluie-de-records-pour-la-classique-de-golf-normand-leveille","status":"publish","type":"post","link":"https:\/\/www.europesays.com\/fr\/138039\/","title":{"rendered":"Pluie de records pour la Classique de golf Normand-L\u00e9veill\u00e9"},"content":{"rendered":"<p><strong>LEV\u00c9E DE FONDS. La fondation du Centre Normand-L\u00e9veill\u00e9 s\u2019est d\u00e9pass\u00e9e cette ann\u00e9e, amassant 385<\/strong><strong>\u2009000\u00a0$ lors de l\u2019<a href=\"https:\/\/www.journalexpress.ca\/2025\/05\/28\/des-pros-et-des-vedettes-au-service-dune-bonne-cause\/\" rel=\"nofollow noopener\" target=\"_blank\">annuelle classique de golf<\/a>, du jamais vu pour les organisateurs. En plus de \u00e7a, le souper a accueilli 500\u00a0personnes, un autre record pour l\u2019\u00e9v\u00e9nement qui en \u00e9tait \u00e0 sa 28e\u00a0\u00e9dition.<\/strong><\/p>\n<p>\u00abL\u2019\u00e9v\u00e9nement est un succ\u00e8s sur toute la ligne\u00bb, souligne la directrice g\u00e9n\u00e9rale de la fondation du Centre Normand-L\u00e9veill\u00e9, \u00c8ve Grandmont-B\u00e9rub\u00e9. Cette somme est cruciale pour l\u2019organisme, repr\u00e9sentant environ 60 % \u00e0 70 % de son financement annuel. Ces fonds permettent principalement de soutenir les activit\u00e9s du Centre Normand-L\u00e9veill\u00e9.<\/p>\n<p>Le souper li\u00e9 \u00e0 la Classique Normand-L\u00e9veill\u00e9 Sunset a lui aussi connu une popularit\u00e9 inattendue. \u00abOn s\u2019attendait r\u00e9alistiquement \u00e0 accueillir 400\u00a0personnes c\u2019\u00e9tait donc une tr\u00e8s belle surprise de voir 500\u00a0personnes pr\u00e9sentes pour une bonne cause\u00bb, ajoute-t-elle. Rappelons que des billets pouvaient \u00eatre achet\u00e9s pour seulement le souper. \u00abCette ann\u00e9e, on permettait aussi \u00e0 chaque golfeur d\u2019avoir un accompagnateur. \u00c7a rajoute alors beaucoup de monde\u00bb, mentionne \u00c8ve Grandmont-B\u00e9rub\u00e9.<\/p>\n<p>Le comit\u00e9 organisateur est \u00e9galement ravi d\u2019avoir pu compter sur une m\u00e9t\u00e9o parfaite lors de l\u2019\u00e9v\u00e9nement.<\/p>\n<p>\u00a0<\/p>\n","protected":false},"excerpt":{"rendered":"LEV\u00c9E DE FONDS. La fondation du Centre Normand-L\u00e9veill\u00e9 s\u2019est d\u00e9pass\u00e9e cette ann\u00e9e, amassant 385\u2009000\u00a0$ lors de l\u2019annuelle classique&hellip;\n","protected":false},"author":2,"featured_media":138040,"comment_status":"","ping_status":"","sticky":false,"template":"","format":"standard","meta":{"footnotes":""},"categories":[1418],"tags":[26440,26441,26442,16106,6497,6498,26443,26444,7801,6504,26445,26446,3531,1011,27,1472,4662,26447,6510,26448,7805,2487,6511,7810,3241,26449,60,26450,26451,6514],"class_list":{"0":"post-138039","1":"post","2":"type-post","3":"status-publish","4":"format-standard","5":"has-post-thumbnail","7":"category-golf","8":"tag-385-000","9":"tag-500-personnes","10":"tag-benoit-lafferiere","11":"tag-billets","12":"tag-centre-normand-leveille","13":"tag-centre-du-quebec","14":"tag-classique-de-golf","15":"tag-classique-de-golf-normand-leveille","16":"tag-drummond","17":"tag-drummondville","18":"tag-drummondvillois","19":"tag-eve-grandmont-berube","20":"tag-financement","21":"tag-fr","22":"tag-france","23":"tag-golf","24":"tag-journal","25":"tag-journal-express","26":"tag-journal-lexpress","27":"tag-julie-madore","28":"tag-lexpress","29":"tag-meteo","30":"tag-normand-leveille","31":"tag-quebec","32":"tag-record","33":"tag-souper","34":"tag-sports","35":"tag-stephanie-blais","36":"tag-sunset-converting-corp","37":"tag-ville-de-drummondville"},"share_on_mastodon":{"url":"https:\/\/pubeurope.com\/@fr\/114593952098126428","error":""},"_links":{"self":[{"href":"https:\/\/www.europesays.com\/fr\/wp-json\/wp\/v2\/posts\/138039","targetHints":{"allow":["GET"]}}],"collection":[{"href":"https:\/\/www.europesays.com\/fr\/wp-json\/wp\/v2\/posts"}],"about":[{"href":"https:\/\/www.europesays.com\/fr\/wp-json\/wp\/v2\/types\/post"}],"author":[{"embeddable":true,"href":"https:\/\/www.europesays.com\/fr\/wp-json\/wp\/v2\/users\/2"}],"replies":[{"embeddable":true,"href":"https:\/\/www.europesays.com\/fr\/wp-json\/wp\/v2\/comments?post=138039"}],"version-history":[{"count":0,"href":"https:\/\/www.europesays.com\/fr\/wp-json\/wp\/v2\/posts\/138039\/revisions"}],"wp:featuredmedia":[{"embeddable":true,"href":"https:\/\/www.europesays.com\/fr\/wp-json\/wp\/v2\/media\/138040"}],"wp:attachment":[{"href":"https:\/\/www.europesays.com\/fr\/wp-json\/wp\/v2\/media?parent=138039"}],"wp:term":[{"taxonomy":"category","embeddable":true,"href":"https:\/\/www.europesays.com\/fr\/wp-json\/wp\/v2\/categories?post=138039"},{"taxonomy":"post_tag","embeddable":true,"href":"https:\/\/www.europesays.com\/fr\/wp-json\/wp\/v2\/tags?post=138039"}],"curies":[{"name":"wp","href":"https:\/\/api.w.org\/{rel}","templated":true}]}}