{"id":138045,"date":"2025-05-30T00:32:11","date_gmt":"2025-05-30T00:32:11","guid":{"rendered":"https:\/\/www.europesays.com\/fr\/138045\/"},"modified":"2025-05-30T00:32:11","modified_gmt":"2025-05-30T00:32:11","slug":"ai-ogura-opere-avec-succes-mais-encore-incertain-pour-aragon","status":"publish","type":"post","link":"https:\/\/www.europesays.com\/fr\/138045\/","title":{"rendered":"Ai Ogura op\u00e9r\u00e9 avec succ\u00e8s mais encore incertain pour Arag\u00f3n"},"content":{"rendered":"<p>Bless\u00e9 lors des premiers essais libres du Grand Prix de Grande-Bretagne, et <a href=\"https:\/\/fr.motorsport.com\/motogp\/news\/ai-ogura-blessure-forfait-silverstone\/10725944\/\" target=\"_self\" rel=\"noopener\">contraint au forfait pour la suite du week-end \u00e0 Silverstone<\/a>, <a href=\"https:\/\/fr.motorsport.com\/driver\/ai-ogura\/471489\/\" target=\"_blank\" rel=\"noopener\">Ai Ogura<\/a>\u00a0nourrit l&rsquo;espoir de faire son retour d\u00e8s la prochaine \u00e9ch\u00e9ance. Op\u00e9r\u00e9 avec succ\u00e8s, le Japonais suit une r\u00e9\u00e9ducation qui pourrait lui permettre de se remettre en selle <a href=\"https:\/\/fr.motorsport.com\/motogp\/schedule\/2025\/?event_types%5B%5D=race\" target=\"_self\" rel=\"noopener\">d\u00e8s le Grand Prix d&rsquo;Arag\u00f3n<\/a> sur l&rsquo;Aprilia de l&rsquo;\u00e9quipe satellite Trackhouse, qui a donn\u00e9 mercredi soir de ses nouvelles.\u00a0<\/p>\n<p>\u00ab\u00a0Ai Ogura a subi\u00a0avec succ\u00e8s une op\u00e9ration chirurgicale par c\u0153lioscopie visant \u00e0 r\u00e9parer une fracture au sommet du tibia droit, juste en dessous du genou\u00a0\u00bb, explique son \u00e9quipe. \u00ab\u00a0Une IRM r\u00e9alis\u00e9e lundi a r\u00e9v\u00e9l\u00e9 la pr\u00e9sence d&rsquo;un petit fragment osseux d\u00e9plac\u00e9, qui a \u00e9t\u00e9 retir\u00e9 durant l&rsquo;intervention de 30 minutes. L&rsquo;\u00e9valuation post-op\u00e9ratoire a confirm\u00e9 le bon d\u00e9roulement de l&rsquo;op\u00e9ration et Ai a d\u00e9sormais entam\u00e9 sa r\u00e9\u00e9ducation.\u00a0\u00bb<\/p>\n<p>\u00ab\u00a0Sur la base des r\u00e9sultats de l&rsquo;op\u00e9ration et du rapport m\u00e9dical de mardi, l&rsquo;\u00e9quipe esp\u00e8re qu&rsquo;Ai sera apte \u00e0 rouler lors du Grand Prix d&rsquo;Arag\u00f3n, dans un peu plus d&rsquo;une semaine. Sa progression sera toutefois suivie de pr\u00e8s, et l&rsquo;\u00e9quipe lui apporte tout le soutien n\u00e9cessaire en amont d&rsquo;une nouvelle \u00e9valuation physique pr\u00e9vue \u00e0 l&rsquo;approche du d\u00e9but du week-end en Arag\u00f3n.\u00a0\u00bb<\/p>\n<p>S&rsquo;il se rend sur le circuit espagnol la semaine prochaine, il devra recevoir le feu vert m\u00e9dical des m\u00e9decins du MotoGP le jeudi pour confirmer sa participation aux premiers essais le lendemain. Le Japonais, <a href=\"https:\/\/fr.motorsport.com\/motogp\/standings\/2025\/\" target=\"_self\" rel=\"noopener\">12e du championnat<\/a>, se montre toutefois encore r\u00e9serv\u00e9.\u00a0<\/p>\n<p>\u00ab\u00a0L&rsquo;op\u00e9ration est termin\u00e9e. Je pense que tout s&rsquo;est plut\u00f4t bien pass\u00e9 et je me sens plut\u00f4t bien au niveau du genou\u00a0\u00bb, confie-t-il. \u00ab\u00a0J&rsquo;ai juste besoin d&rsquo;un peu de temps pour retrouver 100% de ma forme. C&rsquo;est assez difficile et nous verrons si je peux \u00eatre pr\u00eat pour Arag\u00f3n. J&rsquo;essaie de faire ce que je peux pour r\u00e9cup\u00e9rer ma jambe mais, dans ce genre de situation, on ne peut pas faire grand-chose. Je vais simplement faire ce que je peux et me pr\u00e9parer pour la prochaine course.\u00a0\u00bb<\/p>\n<p>L&rsquo;incertitude quant \u00e0 la pr\u00e9sence d&rsquo;Ai Ogura au Grand Prix d&rsquo;Arag\u00f3n vient s&rsquo;ajouter aux forfaits d\u00e9j\u00e0 certains du champion du monde <a href=\"https:\/\/fr.motorsport.com\/driver\/jorge-martin\/109391\/\" target=\"_blank\" rel=\"noopener\">Jorge Mart\u00edn<\/a>\u00a0chez Aprilia et du pilote Honda officiel <a href=\"https:\/\/fr.motorsport.com\/driver\/luca-marini\/201098\/\" target=\"_blank\" rel=\"noopener\">Luca Marini<\/a>, <a href=\"https:\/\/fr.motorsport.com\/motogp\/news\/luca-marini-serieusement-blesse-honda\/10727496\/\" target=\"_self\" rel=\"noopener\">lourdement tomb\u00e9 durant une s\u00e9ance d&rsquo;essais \u00e0 Suzuka en milieu de semaine<\/a>.<\/p>\n<p>Dans cet article<\/p>\n<p>    Basile Davoine\n<\/p>\n<p>    MotoGP\n<\/p>\n<p>    Ai Ogura\n<\/p>\n<p>    Trackhouse Racing Team\n<\/p>\n<p>Soyez le premier inform\u00e9 et souscrivez aux alertes mails pour recevoir les infos en temps r\u00e9el<\/p>\n<p>    S&rsquo;abonner aux alertes de news<\/p>\n","protected":false},"excerpt":{"rendered":"Bless\u00e9 lors des premiers essais libres du Grand Prix de Grande-Bretagne, et contraint au forfait pour la suite&hellip;\n","protected":false},"author":2,"featured_media":138046,"comment_status":"","ping_status":"","sticky":false,"template":"","format":"standard","meta":{"footnotes":""},"categories":[1413],"tags":[3378,1011,27,26452,1457,1456,1458,26453,60,4084],"class_list":{"0":"post-138045","1":"post","2":"type-post","3":"status-publish","4":"format-standard","5":"has-post-thumbnail","7":"category-moto","8":"tag-ai-ogura","9":"tag-fr","10":"tag-france","11":"tag-gp-daragu00f3n","12":"tag-moto","13":"tag-motocycle","14":"tag-motogp","15":"tag-motorland-aragu00f3n","16":"tag-sports","17":"tag-trackhouse-racing-team"},"share_on_mastodon":{"url":"https:\/\/pubeurope.com\/@fr\/114593971780707001","error":""},"_links":{"self":[{"href":"https:\/\/www.europesays.com\/fr\/wp-json\/wp\/v2\/posts\/138045","targetHints":{"allow":["GET"]}}],"collection":[{"href":"https:\/\/www.europesays.com\/fr\/wp-json\/wp\/v2\/posts"}],"about":[{"href":"https:\/\/www.europesays.com\/fr\/wp-json\/wp\/v2\/types\/post"}],"author":[{"embeddable":true,"href":"https:\/\/www.europesays.com\/fr\/wp-json\/wp\/v2\/users\/2"}],"replies":[{"embeddable":true,"href":"https:\/\/www.europesays.com\/fr\/wp-json\/wp\/v2\/comments?post=138045"}],"version-history":[{"count":0,"href":"https:\/\/www.europesays.com\/fr\/wp-json\/wp\/v2\/posts\/138045\/revisions"}],"wp:featuredmedia":[{"embeddable":true,"href":"https:\/\/www.europesays.com\/fr\/wp-json\/wp\/v2\/media\/138046"}],"wp:attachment":[{"href":"https:\/\/www.europesays.com\/fr\/wp-json\/wp\/v2\/media?parent=138045"}],"wp:term":[{"taxonomy":"category","embeddable":true,"href":"https:\/\/www.europesays.com\/fr\/wp-json\/wp\/v2\/categories?post=138045"},{"taxonomy":"post_tag","embeddable":true,"href":"https:\/\/www.europesays.com\/fr\/wp-json\/wp\/v2\/tags?post=138045"}],"curies":[{"name":"wp","href":"https:\/\/api.w.org\/{rel}","templated":true}]}}