{"id":138051,"date":"2025-05-30T00:35:10","date_gmt":"2025-05-30T00:35:10","guid":{"rendered":"https:\/\/www.europesays.com\/fr\/138051\/"},"modified":"2025-05-30T00:35:10","modified_gmt":"2025-05-30T00:35:10","slug":"une-soiree-qui-restera-gravee","status":"publish","type":"post","link":"https:\/\/www.europesays.com\/fr\/138051\/","title":{"rendered":"\u00ab\u00a0Une soir\u00e9e qui restera grav\u00e9e\u00a0\u00bb"},"content":{"rendered":"<p><strong>St\u00e9phane Le Mignan (entra\u00eeneur du FC Metz)\u00a0<\/strong> : \u00ab <a href=\"https:\/\/www.republicain-lorrain.fr\/sport\/2025\/05\/29\/barrages-ligue-1-ligue-2-la-rencontre-entre-le-stade-de-reims-et-le-fc-metz-en-direct\" target=\"_blank\" rel=\"noopener\">C\u2019est une soir\u00e9e qui restera grav\u00e9e quelle que soit la suite<\/a>. On a r\u00e9ussi \u00e0 montrer beaucoup de c\u0153ur, cette capacit\u00e9 \u00e0 ne pas baisser le pied alors qu\u2019on \u00e9tait men\u00e9 1-0. Encore une fois, on a su retrouver des ressources dans le jeu et physiques. Et puis \u00e7a a bascul\u00e9 sur un beau deuxi\u00e8me but et un troisi\u00e8me magnifique de Gauthier. La saison a \u00e9t\u00e9 longue, avec un investissement extraordinaire pour nous, mais j\u2019ai aussi une pens\u00e9e pour Reims. C\u2019est compliqu\u00e9 ce qu\u2019ils vivent. [\u2026] Pour nous, c\u2019est une histoire qu\u2019on voulait \u00e9crire par rapport \u00e0 ces play-offs. Les joueurs, comme Matthieu Udol, avaient v\u00e9cu une \u00e9motion tr\u00e8s diff\u00e9rente la saison derni\u00e8re. Comme un symbole, c\u2019est lui qui \u00e9galise et nous donne ce surplus d\u2019\u00e9nergie pour aller chercher la victoire.<\/p>\n<p>\u00ab\u00a0J\u2019ai trouv\u00e9 que notre premi\u00e8re mi-temps \u00e9tait tr\u00e8s moyenne au niveau technique. On perdait trop vite le ballon alors qu\u2019il fallait rester beaucoup plus calme. On \u00e9tait domin\u00e9 m\u00eame si notre gardien n\u2019a pas eu grand-chose \u00e0 faire. Physiquement et mentalement, on est pourtant pass\u00e9 devant apr\u00e8s. On le doit \u00e0 la maturit\u00e9 du groupe aussi. Pour moi, c\u2019est formidable et je tiens \u00e0 remercier les dirigeants de m\u2019avoir fait confiance. Ce n\u2019\u00e9tait pas \u00e9vident par rapport \u00e0 mon parcours, ce que j\u2019avais avant. Je remercie le pr\u00e9sident, H\u00e9l\u00e8ne (Schrub) , Fred Arpinon aussi. Toutes ces personnes qui ont fait le FC Metz aujourd\u2019hui. Je suis content d\u2019avoir pu leur rendre cette confiance.\u00a0\u00bb<\/p>\n<p>Ce contenu est bloqu\u00e9 car vous n&rsquo;avez pas accept\u00e9 les cookies et autres traceurs.<\/p>\n<p>En cliquant sur \u00ab J\u2019accepte \u00bb, les cookies et autres traceurs seront d\u00e9pos\u00e9s et vous pourrez visualiser les contenus  (<a href=\"\" class=\"consentModule_policy\" target=\"_blank\" title=\"Consulter la politique de protection des donn\u00e9es du fournisseur\">plus d&rsquo;informations<\/a>).<\/p>\n<p>En cliquant sur \u00ab J\u2019accepte tous les cookies \u00bb, vous autorisez des d\u00e9p\u00f4ts de cookies et autres traceurs pour le stockage de vos donn\u00e9es sur nos sites et applications \u00e0 des fins de personnalisation et de ciblage publicitaire.<\/p>\n<p class=\"consentModule_secondaryText\">Vous gardez la possibilit\u00e9 de retirer votre consentement \u00e0 tout moment en consultant notre <a href=\"https:\/\/www.republicain-lorrain.fr\/protection-des-donnees\" target=\"_blank\" title=\"Consulter notre politique de protection des donn\u00e9es\" rel=\"noopener\">politique de protection des donn\u00e9es<\/a>. <br \/>&#13;<br \/>\n            <a href=\"https:\/\/www.republicain-lorrain.fr\/sport\/2025\/05\/30\/javascript:Didomi.notice.show()\" class=\"consentModule_cmp\" target=\"_blank\" rel=\"noopener\">G\u00e9rer mes choix<\/a>&#13;\n        <\/p>\n<p>&#13;<br \/>\n                        J&rsquo;accepte&#13;<br \/>\n            J&rsquo;accepte tous les cookies&#13;\n        <\/p>\n","protected":false},"excerpt":{"rendered":"St\u00e9phane Le Mignan (entra\u00eeneur du FC Metz)\u00a0 : \u00ab C\u2019est une soir\u00e9e qui restera grav\u00e9e quelle que soit&hellip;\n","protected":false},"author":2,"featured_media":138052,"comment_status":"","ping_status":"","sticky":false,"template":"","format":"standard","meta":{"footnotes":""},"categories":[1410],"tags":[5598,8113,107,1701,63,1011,27,6212,6213,517,1700,60],"class_list":{"0":"post-138051","1":"post","2":"type-post","3":"status-publish","4":"format-standard","5":"has-post-thumbnail","7":"category-football","8":"tag-edition-metz-et-agglomeration","9":"tag-fc-metz","10":"tag-fil-info","11":"tag-fil-info-sport","12":"tag-football","13":"tag-fr","14":"tag-france","15":"tag-metz","16":"tag-metz-ville-57b","17":"tag-sport","18":"tag-sport-lorrain","19":"tag-sports"},"share_on_mastodon":{"url":"https:\/\/pubeurope.com\/@fr\/114593984790905379","error":""},"_links":{"self":[{"href":"https:\/\/www.europesays.com\/fr\/wp-json\/wp\/v2\/posts\/138051","targetHints":{"allow":["GET"]}}],"collection":[{"href":"https:\/\/www.europesays.com\/fr\/wp-json\/wp\/v2\/posts"}],"about":[{"href":"https:\/\/www.europesays.com\/fr\/wp-json\/wp\/v2\/types\/post"}],"author":[{"embeddable":true,"href":"https:\/\/www.europesays.com\/fr\/wp-json\/wp\/v2\/users\/2"}],"replies":[{"embeddable":true,"href":"https:\/\/www.europesays.com\/fr\/wp-json\/wp\/v2\/comments?post=138051"}],"version-history":[{"count":0,"href":"https:\/\/www.europesays.com\/fr\/wp-json\/wp\/v2\/posts\/138051\/revisions"}],"wp:featuredmedia":[{"embeddable":true,"href":"https:\/\/www.europesays.com\/fr\/wp-json\/wp\/v2\/media\/138052"}],"wp:attachment":[{"href":"https:\/\/www.europesays.com\/fr\/wp-json\/wp\/v2\/media?parent=138051"}],"wp:term":[{"taxonomy":"category","embeddable":true,"href":"https:\/\/www.europesays.com\/fr\/wp-json\/wp\/v2\/categories?post=138051"},{"taxonomy":"post_tag","embeddable":true,"href":"https:\/\/www.europesays.com\/fr\/wp-json\/wp\/v2\/tags?post=138051"}],"curies":[{"name":"wp","href":"https:\/\/api.w.org\/{rel}","templated":true}]}}