{"id":138055,"date":"2025-05-30T00:37:17","date_gmt":"2025-05-30T00:37:17","guid":{"rendered":"https:\/\/www.europesays.com\/fr\/138055\/"},"modified":"2025-05-30T00:37:17","modified_gmt":"2025-05-30T00:37:17","slug":"onze-sculptures-installees-en-presquile-de-quiberon-le-festival-des-insolites","status":"publish","type":"post","link":"https:\/\/www.europesays.com\/fr\/138055\/","title":{"rendered":"Onze sculptures install\u00e9es en presqu\u2019\u00eele de Quiberon le festival des Insolites"},"content":{"rendered":"<p>C\u2019est parti pour la 6e \u00e9dition des Insolites, ces expositions d\u2019\u0153uvres d\u2019art en plein air sur la Presqu\u2019\u00eele de Quiberon. Onze cr\u00e9ations sont en train d\u2019\u00eatre install\u00e9es par les artistes accompagn\u00e9s des repr\u00e9sentants de l\u2019association des Insolites qui ne cessent d\u2019\u00e9tendre et d\u2019enrichir leur travail.<\/p>\n<p>D\u2019ici \u00e0 la fin du mois de juin, ce sont donc onze cr\u00e9ations que l\u2019on pourra admirer dans la presqu\u2019\u00eele, en allant du Port d\u2019Orange de Saint Pierre Quiberon \u00e0 Port-Haliguen \u00e0 Quiberon, en passant par la Place Hoche et la gare SNCF.<\/p>\n<p>Lundi matin, c\u2019est l\u2019artiste Vincent Font qui installait son \u00ab\u00a0Nageur\u00a0\u00bb \u00e0 Port Haliguen sous les yeux des passants interpell\u00e9s. \u00ab\u00a0J\u2019aime le positionner dans des lieux insolites, comme s\u2019il s\u2019\u00e9tait \u00e9vad\u00e9 de son milieu naturel et cherchait \u00e0 s\u2019adapter. Parall\u00e8lement, il transforme lui aussi les lieux dans lesquels on l\u2019installe.\u00a0\u00bb<\/p>\n<p>Une grande plume dans le vent a d\u00e9j\u00e0 \u00e9t\u00e9 install\u00e9e au rond-point de la gendarmerie, fruit du travail de l\u2019artiste Philippe\u00a0Pousset.<\/p>\n<p>Nouveaut\u00e9, le partenariat avec \u00ab\u00a0Histoire de mots\u00a0\u00bb qui proposera des rencontres inspir\u00e9es des \u0153uvres de juin \u00e0 septembre.<\/p>\n<p><b>Pratique<\/b><\/p>\n<p class=\"note\">Les Insolites, expositions de sculptures en presqu\u2019\u00eele de Quiberon, dans diff\u00e9rents lieux publics. Jusqu\u2019\u00e0 fin octobre.<\/p>\n","protected":false},"excerpt":{"rendered":"C\u2019est parti pour la 6e \u00e9dition des Insolites, ces expositions d\u2019\u0153uvres d\u2019art en plein air sur la Presqu\u2019\u00eele&hellip;\n","protected":false},"author":2,"featured_media":138056,"comment_status":"","ping_status":"","sticky":false,"template":"","format":"standard","meta":{"footnotes":""},"categories":[1358],"tags":[1348,1384,1385,1386,58,59,3293,1011,27,8912,26456],"class_list":{"0":"post-138055","1":"post","2":"type-post","3":"status-publish","4":"format-standard","5":"has-post-thumbnail","7":"category-arts-et-design","8":"tag-arts","9":"tag-arts-and-design","10":"tag-arts-et-design","11":"tag-design","12":"tag-divertissement","13":"tag-entertainment","14":"tag-exposition","15":"tag-fr","16":"tag-france","17":"tag-quiberon","18":"tag-saint-pierre-quiberon"},"share_on_mastodon":{"url":"","error":""},"_links":{"self":[{"href":"https:\/\/www.europesays.com\/fr\/wp-json\/wp\/v2\/posts\/138055","targetHints":{"allow":["GET"]}}],"collection":[{"href":"https:\/\/www.europesays.com\/fr\/wp-json\/wp\/v2\/posts"}],"about":[{"href":"https:\/\/www.europesays.com\/fr\/wp-json\/wp\/v2\/types\/post"}],"author":[{"embeddable":true,"href":"https:\/\/www.europesays.com\/fr\/wp-json\/wp\/v2\/users\/2"}],"replies":[{"embeddable":true,"href":"https:\/\/www.europesays.com\/fr\/wp-json\/wp\/v2\/comments?post=138055"}],"version-history":[{"count":0,"href":"https:\/\/www.europesays.com\/fr\/wp-json\/wp\/v2\/posts\/138055\/revisions"}],"wp:featuredmedia":[{"embeddable":true,"href":"https:\/\/www.europesays.com\/fr\/wp-json\/wp\/v2\/media\/138056"}],"wp:attachment":[{"href":"https:\/\/www.europesays.com\/fr\/wp-json\/wp\/v2\/media?parent=138055"}],"wp:term":[{"taxonomy":"category","embeddable":true,"href":"https:\/\/www.europesays.com\/fr\/wp-json\/wp\/v2\/categories?post=138055"},{"taxonomy":"post_tag","embeddable":true,"href":"https:\/\/www.europesays.com\/fr\/wp-json\/wp\/v2\/tags?post=138055"}],"curies":[{"name":"wp","href":"https:\/\/api.w.org\/{rel}","templated":true}]}}