{"id":138064,"date":"2025-05-30T00:42:09","date_gmt":"2025-05-30T00:42:09","guid":{"rendered":"https:\/\/www.europesays.com\/fr\/138064\/"},"modified":"2025-05-30T00:42:09","modified_gmt":"2025-05-30T00:42:09","slug":"ces-infections-quon-croyait-banales-deviennent-mortelles-lantibioresistance-franchit-un-cap-inquietant","status":"publish","type":"post","link":"https:\/\/www.europesays.com\/fr\/138064\/","title":{"rendered":"Ces infections qu\u2019on croyait banales deviennent mortelles : l\u2019antibior\u00e9sistance franchit un cap inqui\u00e9tant"},"content":{"rendered":"<p>\t\t\t\t\tUne menace invisible, mais bien r\u00e9elle<\/p>\n<p data-start=\"1005\" data-end=\"1316\">Selon l\u2019Organisation mondiale de la sant\u00e9 (OMS), <strong data-start=\"1054\" data-end=\"1092\">1,3 million de d\u00e9c\u00e8s dans le monde<\/strong> \u00e9taient directement li\u00e9s \u00e0 l\u2019antibior\u00e9sistance en 2019. En France, <strong data-start=\"1160\" data-end=\"1196\">plus de 5 500 morts chaque ann\u00e9e<\/strong> sont imputables \u00e0 des infections devenues r\u00e9sistantes \u00e0 plusieurs classes d\u2019antibiotiques, selon Sant\u00e9 publique France.<\/p>\n<p data-start=\"1318\" data-end=\"1375\">Le ph\u00e9nom\u00e8ne touche des infections courantes, notamment :<\/p>\n<ul data-start=\"1377\" data-end=\"1690\">\n<li data-start=\"1377\" data-end=\"1507\"><strong data-start=\"1379\" data-end=\"1418\">les cystites (infections urinaires)<\/strong>, o\u00f9 certaines souches d\u2019Escherichia coli r\u00e9sistent \u00e0 la majorit\u00e9 des traitements oraux ;<\/li>\n<li data-start=\"1377\" data-end=\"1507\"><strong data-start=\"1510\" data-end=\"1537\">les infections cutan\u00e9es<\/strong> li\u00e9es \u00e0 des staphylocoques dor\u00e9s multi-r\u00e9sistants ;<\/li>\n<li data-start=\"1377\" data-end=\"1507\"><strong data-start=\"1592\" data-end=\"1622\">les infections pulmonaires<\/strong>, particuli\u00e8rement chez les patients hospitalis\u00e9s ou immunod\u00e9prim\u00e9s.<\/li>\n<\/ul>\n<p data-start=\"1692\" data-end=\"2012\">L\u2019unit\u00e9 RESINFIT du CHU de Limoges, sp\u00e9cialis\u00e9e dans l\u2019\u00e9tude de l\u2019antibior\u00e9sistance, alerte sur l\u2019augmentation du nombre de cas pour lesquels <strong data-start=\"1834\" data-end=\"1890\">aucune solution antibiotique simple n\u2019est disponible<\/strong>. Des antibiotiques de \u201cdernier recours\u201d, plus toxiques ou plus co\u00fbteux, doivent alors \u00eatre utilis\u00e9s \u2014 quand ils existent.<\/p>\n<p> Comment en est-on arriv\u00e9 l\u00e0 ?<\/p>\n<p data-start=\"2048\" data-end=\"2257\">L\u2019antibior\u00e9sistance n\u2019est pas une surprise. <strong data-start=\"2092\" data-end=\"2197\">Elle est la cons\u00e9quence directe de d\u00e9cennies de surconsommation et de mauvais usage des antibiotiques<\/strong>, aussi bien en m\u00e9decine humaine qu\u2019en m\u00e9decine v\u00e9t\u00e9rinaire.<\/p>\n<p data-start=\"2259\" data-end=\"2626\">En France, m\u00eame si la consommation d\u2019antibiotiques a baiss\u00e9 depuis 2010, elle reste <strong data-start=\"2343\" data-end=\"2378\">parmi les plus \u00e9lev\u00e9es d\u2019Europe<\/strong>. Des prescriptions inutiles pour des infections virales (rhumes, angines non bact\u00e9riennes), des traitements mal suivis ou interrompus trop t\u00f4t, et une autom\u00e9dication encore pr\u00e9sente ont contribu\u00e9 \u00e0 renforcer la s\u00e9lection des bact\u00e9ries r\u00e9sistantes.<\/p>\n<p data-start=\"2628\" data-end=\"2837\">Le ph\u00e9nom\u00e8ne est aussi aliment\u00e9 par <strong data-start=\"2664\" data-end=\"2713\">l\u2019usage massif d\u2019antibiotiques dans l\u2019\u00e9levage<\/strong>, parfois \u00e0 titre pr\u00e9ventif, ce qui favorise la diss\u00e9mination de souches r\u00e9sistantes dans l\u2019environnement et l\u2019alimentation.<\/p>\n<p> Ce que cela change pour chacun d\u2019entre nous<\/p>\n<p data-start=\"2887\" data-end=\"3277\">Ce n\u2019est plus une menace abstraite. Concr\u00e8tement, <strong data-start=\"2937\" data-end=\"2991\">l\u2019antibior\u00e9sistance prolonge la dur\u00e9e des maladies<\/strong>, augmente le risque de complications et rend certaines interventions plus risqu\u00e9es. Une simple infection dentaire peut d\u00e9g\u00e9n\u00e9rer, une c\u00e9sarienne peut s\u2019accompagner d\u2019une infection difficile \u00e0 traiter, une hospitalisation pour fracture peut d\u00e9boucher sur un \u00e9pisode infectieux complexe.<\/p>\n<p data-start=\"3279\" data-end=\"3377\">Et plus le nombre de bact\u00e9ries r\u00e9sistantes augmente, plus les options th\u00e9rapeutiques se r\u00e9duisent.<\/p>\n<p>Exemples d\u2019infections touch\u00e9es par l\u2019antibior\u00e9sistance (France, 2025)<\/p>\n<tr data-start=\"3458\" data-end=\"3606\">\n<strong data-start=\"3460\" data-end=\"3480\">Type d&rsquo;infection<\/strong><br \/>\n<strong data-start=\"3494\" data-end=\"3527\">Bact\u00e9rie r\u00e9sistante fr\u00e9quente<\/strong><br \/>\n<strong data-start=\"3538\" data-end=\"3562\">Cons\u00e9quence possible<\/strong><br \/>\n<\/tr>\n<tr data-start=\"3757\" data-end=\"3912\">\n<td data-start=\"3757\" data-end=\"3791\" data-col-size=\"sm\">Infection urinaire<\/td>\n<td data-col-size=\"md\" data-start=\"3791\" data-end=\"3842\">Escherichia coli r\u00e9sistante aux fluoroquinolones<\/td>\n<td data-col-size=\"md\" data-start=\"3842\" data-end=\"3912\">\u00c9chec des traitements standards, hospitalisation n\u00e9cessaire<\/td>\n<\/tr>\n<tr data-start=\"3913\" data-end=\"4075\">\n<td data-start=\"3913\" data-end=\"3947\" data-col-size=\"sm\">Infection cutan\u00e9e<\/td>\n<td data-col-size=\"md\" data-start=\"3947\" data-end=\"4005\">Staphylococcus aureus r\u00e9sistant \u00e0 la m\u00e9ticilline (SARM)<\/td>\n<td data-col-size=\"md\" data-start=\"4005\" data-end=\"4075\">Risque de complications locales ou g\u00e9n\u00e9ralis\u00e9es<\/td>\n<\/tr>\n<tr data-start=\"4076\" data-end=\"4233\">\n<td data-start=\"4076\" data-end=\"4110\" data-col-size=\"sm\">Pneumonie communautaire<\/td>\n<td data-start=\"4110\" data-end=\"4163\" data-col-size=\"md\">Klebsiella pneumoniae productrice de carbap\u00e9n\u00e9mase<\/td>\n<td data-col-size=\"md\" data-start=\"4163\" data-end=\"4233\">Antibioth\u00e9rapie complexe, s\u00e9jour en soins intensifs<\/td>\n<\/tr>\n<tr data-start=\"4234\" data-end=\"4388\">\n<td data-start=\"4234\" data-end=\"4268\" data-col-size=\"sm\">Infection postop\u00e9ratoire<\/td>\n<td data-col-size=\"md\" data-start=\"4268\" data-end=\"4318\">Enterococcus faecium r\u00e9sistant \u00e0 la vancomycine<\/td>\n<td data-col-size=\"md\" data-start=\"4318\" data-end=\"4388\">Allongement de la convalescence, risque de septic\u00e9mie<\/td>\n<\/tr>\n<tr data-start=\"4389\" data-end=\"4538\">\n<td data-start=\"4389\" data-end=\"4423\" data-col-size=\"sm\">Infections digestives<\/td>\n<td data-col-size=\"md\" data-start=\"4423\" data-end=\"4468\">Salmonella multir\u00e9sistante<\/td>\n<td data-col-size=\"md\" data-start=\"4468\" data-end=\"4538\">Allongement des sympt\u00f4mes, risque de transmission alimentaire<\/td>\n<\/tr>\n<p>Les solutions existent, mais elles demandent un sursaut collectif<\/p>\n<p data-start=\"4615\" data-end=\"4679\">Face \u00e0 l\u2019antibior\u00e9sistance, plusieurs leviers sont \u00e0 renforcer :<\/p>\n<ul data-start=\"4681\" data-end=\"5235\">\n<li data-start=\"4681\" data-end=\"4828\"><strong data-start=\"4683\" data-end=\"4721\">Limiter les prescriptions inutiles<\/strong> : en particulier pour les infections virales (rhume, angine virale) o\u00f9 les antibiotiques sont inefficaces.<\/li>\n<li data-start=\"4681\" data-end=\"4828\"><strong data-start=\"4831\" data-end=\"4858\">Renforcer la pr\u00e9vention<\/strong> : par la vaccination, l\u2019hygi\u00e8ne des mains, la lutte contre les infections nosocomiales.<\/li>\n<li data-start=\"4681\" data-end=\"4828\"><strong data-start=\"4949\" data-end=\"4999\">Encadrer l\u2019usage v\u00e9t\u00e9rinaire des antibiotiques<\/strong>, pour \u00e9viter la transmission de bact\u00e9ries r\u00e9sistantes via l\u2019alimentation.<\/li>\n<li data-start=\"4681\" data-end=\"4828\"><strong data-start=\"5076\" data-end=\"5113\">D\u00e9velopper de nouvelles mol\u00e9cules<\/strong>, un domaine dans lequel l\u2019innovation est aujourd\u2019hui insuffisamment soutenue par les grands laboratoires pharmaceutiques.<\/li>\n<\/ul>\n<p data-start=\"5237\" data-end=\"5471\">Mais <strong data-start=\"5242\" data-end=\"5284\">le r\u00f4le des citoyens est aussi central<\/strong>. Suivre scrupuleusement une prescription, ne jamais consommer d\u2019antibiotiques sans ordonnance, et ne pas en conserver dans l\u2019armoire \u00e0 pharmacie sont des gestes simples, mais essentiels.<\/p>\n<p> Un enjeu de sant\u00e9 publique mondial<\/p>\n<p data-start=\"5512\" data-end=\"5797\">L\u2019antibior\u00e9sistance n\u2019est pas seulement un d\u00e9fi m\u00e9dical : <strong data-start=\"5570\" data-end=\"5615\">c\u2019est une crise sanitaire en construction<\/strong>, comparable, \u00e0 terme, aux grandes pand\u00e9mies. Elle pourrait remettre en cause <strong data-start=\"5693\" data-end=\"5746\">la s\u00e9curit\u00e9 de nombreux actes m\u00e9dicaux de routine<\/strong> et creuser les in\u00e9galit\u00e9s d\u2019acc\u00e8s aux traitements.<\/p>\n<p data-start=\"5799\" data-end=\"6212\" data-is-last-node=\"\" data-is-only-node=\"\">Les scientifiques s\u2019accordent : <strong data-start=\"5831\" data-end=\"5852\">si rien ne change<\/strong>, le monde pourrait entrer dans une \u00e8re post-antibiotique, o\u00f9 des infections b\u00e9nignes redeviendraient mortelles. C\u2019est pourquoi l\u2019alerte lanc\u00e9e aujourd\u2019hui <strong data-start=\"6008\" data-end=\"6105\">n\u2019est pas un exc\u00e8s de prudence, mais un appel \u00e0 agir, tant au niveau individuel que collectif<\/strong>. Car dans cette bataille silencieuse, <strong data-start=\"6144\" data-end=\"6212\" data-is-last-node=\"\">chaque prise inutile d\u2019antibiotique alimente l\u2019ennemi invisible.<\/strong><\/p>\n","protected":false},"excerpt":{"rendered":"Une menace invisible, mais bien r\u00e9elle Selon l\u2019Organisation mondiale de la sant\u00e9 (OMS), 1,3 million de d\u00e9c\u00e8s dans&hellip;\n","protected":false},"author":2,"featured_media":138065,"comment_status":"","ping_status":"","sticky":false,"template":"","format":"standard","meta":{"footnotes":""},"categories":[10],"tags":[26457,26458,23645,1011,27,72,26459,56,71],"class_list":{"0":"post-138064","1":"post","2":"type-post","3":"status-publish","4":"format-standard","5":"has-post-thumbnail","7":"category-sante","8":"tag-antibiotherapie","9":"tag-antibiotique","10":"tag-cystite","11":"tag-fr","12":"tag-france","13":"tag-health","14":"tag-pneumonie","15":"tag-push","16":"tag-sante"},"share_on_mastodon":{"url":"https:\/\/pubeurope.com\/@fr\/114594011136625643","error":""},"_links":{"self":[{"href":"https:\/\/www.europesays.com\/fr\/wp-json\/wp\/v2\/posts\/138064","targetHints":{"allow":["GET"]}}],"collection":[{"href":"https:\/\/www.europesays.com\/fr\/wp-json\/wp\/v2\/posts"}],"about":[{"href":"https:\/\/www.europesays.com\/fr\/wp-json\/wp\/v2\/types\/post"}],"author":[{"embeddable":true,"href":"https:\/\/www.europesays.com\/fr\/wp-json\/wp\/v2\/users\/2"}],"replies":[{"embeddable":true,"href":"https:\/\/www.europesays.com\/fr\/wp-json\/wp\/v2\/comments?post=138064"}],"version-history":[{"count":0,"href":"https:\/\/www.europesays.com\/fr\/wp-json\/wp\/v2\/posts\/138064\/revisions"}],"wp:featuredmedia":[{"embeddable":true,"href":"https:\/\/www.europesays.com\/fr\/wp-json\/wp\/v2\/media\/138065"}],"wp:attachment":[{"href":"https:\/\/www.europesays.com\/fr\/wp-json\/wp\/v2\/media?parent=138064"}],"wp:term":[{"taxonomy":"category","embeddable":true,"href":"https:\/\/www.europesays.com\/fr\/wp-json\/wp\/v2\/categories?post=138064"},{"taxonomy":"post_tag","embeddable":true,"href":"https:\/\/www.europesays.com\/fr\/wp-json\/wp\/v2\/tags?post=138064"}],"curies":[{"name":"wp","href":"https:\/\/api.w.org\/{rel}","templated":true}]}}