{"id":138066,"date":"2025-05-30T00:43:09","date_gmt":"2025-05-30T00:43:09","guid":{"rendered":"https:\/\/www.europesays.com\/fr\/138066\/"},"modified":"2025-05-30T00:43:09","modified_gmt":"2025-05-30T00:43:09","slug":"basile-boli-retropedale-sur-le-psg","status":"publish","type":"post","link":"https:\/\/www.europesays.com\/fr\/138066\/","title":{"rendered":"Basile Boli r\u00e9trop\u00e9dale sur le PSG&#8230;"},"content":{"rendered":"<p>Basile Boli a tenu \u00e0 pr\u00e9ciser ses propos<br \/>\nsur le Paris Saint-Germain, \u00e0 2 jours de la finale de la Ligue des<br \/>\nchampions entre le club de la capitale et l&rsquo;Inter Milan.<\/p>\n<p>\u00ab\u00a0Je vais regarder la finale comme tout le monde. Mon<br \/>\nc\u0153ur reste bleu et blanc, mais je suis derri\u00e8re le Paris<br \/>\nSaint-Germain. Repr\u00e9senter la France c\u2019est quelque chose<br \/>\nd\u2019important pour moi\u00a0\u00bb.<\/p>\n<p>Ces propos, sign\u00e9s <a href=\"https:\/\/www.football365.fr\/coupes-europe-football\/ligue-des-champions-coupes-europe-football\" rel=\"nofollow noopener\" target=\"_blank\"><br \/>\n<strong>Basile Boli<\/strong><\/a>, ne sont pas pass\u00e9s inaper\u00e7us \u00e0<br \/>\nMarseille. Unique buteur en finale de la Ligue des champions<br \/>\nremport\u00e9e par l\u2019OM contre l\u2019AC Milan en 1993 (1-0), l\u2019ancien<br \/>\nd\u00e9fenseur a tenu \u00e0 pr\u00e9ciser son propos.<\/p>\n<p><a href=\"https:\/\/www.football365.fr\/wp-content\/uploads\/se\/2020\/05\/4-boli.jpg\" rel=\"nofollow noopener\" target=\"_blank\"><br \/>\n<img loading=\"lazy\" decoding=\"async\" aria-describedby=\"caption-attachment-9838295\" class=\"size-full wp-image-9838295\" src=\"https:\/\/www.europesays.com\/fr\/wp-content\/uploads\/2025\/05\/4-boli.jpg\" alt=\"\" width=\"1200\" height=\"498\"  \/>Panoramic<br \/>\n<\/a><\/p>\n<p id=\"caption-attachment-9838295\" class=\"wp-caption-text\">Basile<br \/>\nBoli, ic\u00f4ne de Marseille.<\/p>\n<p class=\"par1\">\u00ab\u00a0Il s\u2019agissait d\u2019une \u00e9mission r\u00e9serv\u00e9e<br \/>\naux enfants \u00e2g\u00e9s entre 7 et 11 ans, quelque chose de l\u00e9ger, a<br \/>\nexpliqu\u00e9 Basile Boli dans La Provence. Mes d\u00e9clarations ont \u00e9t\u00e9<br \/>\nmal comprises. J\u2019ai peut-\u00eatre vex\u00e9 pas mal de personnes, mais je ne<br \/>\nsoutiens personne et, surtout, je ne suis pas f\u00e2ch\u00e9 avec<br \/>\nl\u2019OM.\u00a0\u00bb<\/p>\n<p>Basile Boli g\u00ean\u00e9 par la pol\u00e9mique<\/p>\n<p class=\"par1\">\u00ab\u00a0Cela fait 32 ans qu\u2019une \u00e9quipe fran\u00e7aise<br \/>\nn\u2019a pas remport\u00e9 la Ligue des Champions. Je suis Marseillais \u00e0 la<br \/>\nvie \u00e0 la mort, mais je suis Fran\u00e7ais d\u2019abord. Personne n\u2019ignore la<br \/>\nrivalit\u00e9 entre l\u2019OM et Paris. Comme Zinedine Zidane et Didier<br \/>\nDeschamps, mon c\u0153ur ne peut pas \u00eatre autre chose que bleu et<br \/>\nblanc\u2026\u00a0\u00bb, a continu\u00e9 Basile Boli. Je le r\u00e9p\u00e8te, je<br \/>\nn\u2019ai pas dit \u00e7a pour soutenir Paris. Quand, au tennis, Nadal<br \/>\naffronte Monfils, je supporte Monfils parce qu\u2019il est Fran\u00e7ais et<br \/>\nm\u00eame si l\u2019adversaire est plus fort\u00a0\u00bb, a insist\u00e9 Boli.<\/p>\n<p>\u00ab\u00a0Je ne peux pas \u00eatre parisien, c\u2019est impossible. Je<br \/>\nvais regarder la finale samedi, mais je vais vous dire une chose :<br \/>\nle plus important pour moi, c\u2019est que les Olympiens retrouvent la<br \/>\nLigue des Champions la saison prochaine\u00a0\u00bb, a conclu<br \/>\nl\u2019ancien international fran\u00e7ais.<\/p>\n<p>EN BREF<\/p>\n<ul class=\"bloc_resume_post_list\">\n<li>Le 23 mai 2023, Basile Boli, ancien joueur embl\u00e9matique de<br \/>\nl&rsquo;OM, a exprim\u00e9 son soutien au PSG en finale de la Ligue des<br \/>\nChampions, suscitant des r\u00e9actions \u00e0 Marseille.<\/li>\n<li>Boli a clarifi\u00e9 ses propos en expliquant qu&rsquo;ils avaient \u00e9t\u00e9 mal<br \/>\ncompris et qu&rsquo;il ne soutenait pas le PSG, mais qu&rsquo;il souhaitait<br \/>\nsimplement voir une \u00e9quipe fran\u00e7aise triompher.<\/li>\n<li>Malgr\u00e9 la pol\u00e9mique, Boli a r\u00e9affirm\u00e9 son attachement \u00e0 l&rsquo;OM et<br \/>\nson d\u00e9sir de voir le club marseillais revenir en Ligue des<br \/>\nChampions.<\/li>\n<\/ul>\n","protected":false},"excerpt":{"rendered":"Basile Boli a tenu \u00e0 pr\u00e9ciser ses propos sur le Paris Saint-Germain, \u00e0 2 jours de la finale&hellip;\n","protected":false},"author":2,"featured_media":138067,"comment_status":"","ping_status":"","sticky":false,"template":"","format":"standard","meta":{"footnotes":""},"categories":[9],"tags":[1011,27,60],"class_list":{"0":"post-138066","1":"post","2":"type-post","3":"status-publish","4":"format-standard","5":"has-post-thumbnail","7":"category-sports","8":"tag-fr","9":"tag-france","10":"tag-sports"},"share_on_mastodon":{"url":"https:\/\/pubeurope.com\/@fr\/114594015149844761","error":""},"_links":{"self":[{"href":"https:\/\/www.europesays.com\/fr\/wp-json\/wp\/v2\/posts\/138066","targetHints":{"allow":["GET"]}}],"collection":[{"href":"https:\/\/www.europesays.com\/fr\/wp-json\/wp\/v2\/posts"}],"about":[{"href":"https:\/\/www.europesays.com\/fr\/wp-json\/wp\/v2\/types\/post"}],"author":[{"embeddable":true,"href":"https:\/\/www.europesays.com\/fr\/wp-json\/wp\/v2\/users\/2"}],"replies":[{"embeddable":true,"href":"https:\/\/www.europesays.com\/fr\/wp-json\/wp\/v2\/comments?post=138066"}],"version-history":[{"count":0,"href":"https:\/\/www.europesays.com\/fr\/wp-json\/wp\/v2\/posts\/138066\/revisions"}],"wp:featuredmedia":[{"embeddable":true,"href":"https:\/\/www.europesays.com\/fr\/wp-json\/wp\/v2\/media\/138067"}],"wp:attachment":[{"href":"https:\/\/www.europesays.com\/fr\/wp-json\/wp\/v2\/media?parent=138066"}],"wp:term":[{"taxonomy":"category","embeddable":true,"href":"https:\/\/www.europesays.com\/fr\/wp-json\/wp\/v2\/categories?post=138066"},{"taxonomy":"post_tag","embeddable":true,"href":"https:\/\/www.europesays.com\/fr\/wp-json\/wp\/v2\/tags?post=138066"}],"curies":[{"name":"wp","href":"https:\/\/api.w.org\/{rel}","templated":true}]}}