{"id":138074,"date":"2025-05-30T00:47:12","date_gmt":"2025-05-30T00:47:12","guid":{"rendered":"https:\/\/www.europesays.com\/fr\/138074\/"},"modified":"2025-05-30T00:47:12","modified_gmt":"2025-05-30T00:47:12","slug":"linfluenceuse-randonnee-est-morte-a-lage-de-de-31-ans","status":"publish","type":"post","link":"https:\/\/www.europesays.com\/fr\/138074\/","title":{"rendered":"l&rsquo;influenceuse randonn\u00e9e est morte \u00e0 l&rsquo;\u00e2ge de de 31 ans"},"content":{"rendered":"<p>Une jeune <a href=\"https:\/\/www.laprovence.com\/article\/region\/21375634309367\/a-la-decouverte-de-ces-influenceurs-qui-font-connaitre-les-alpes-de-haute-provence-sur-les-reseaux-sociaux\" target=\"_blank\" rel=\"noopener\">influenceuse <\/a><a href=\"https:\/\/www.laprovence.com\/article\/sports\/8102526953243814\/semaine-de-la-randonnee-en-provence-des-calanques-a-aix-70-sorties-a-decouvrir\" target=\"_blank\" rel=\"noopener\">randonn\u00e9e <\/a>a \u00e9t\u00e9 retrouv\u00e9e morte. Mercredi 21 mai, la disparition d&rsquo;Hannah Rose Moody a \u00e9t\u00e9 signal\u00e9e \u00e0 Scottsdale, dans l&rsquo;Arizona, par ses amis qui n&rsquo;avaient plus de nouvelles d&rsquo;Hannah depuis plusieurs heures.<\/p>\n<p>Les circonstances de la morte ne sont pas connues<\/p>\n<p>Les policiers ont finalement retrouv\u00e9 le corps de la jeune femme le lendemain matin, apr\u00e8s avoir interrompu les recherches la veille \u00e0 23h30, avec l&rsquo;aide d&rsquo;un <a href=\"https:\/\/www.laprovence.com\/article\/region\/2409439470241214\/il-y-a-5-ans-trois-personnes-perdaient-la-vie-dans-le-crash-dun-helicoptere-aux-pennes-mirabeau\" target=\"_blank\" rel=\"noopener\">h\u00e9licopt\u00e8re <\/a>et de drones, \u00e0 550 m\u00e8tres du sentier de Gateway de la r\u00e9serve McDowell Sonoran \u00e0 Scottsdale. Selon le <a href=\"https:\/\/www.latimes.com\/california\/story\/2025-05-28\/missing-california-influencer-found-dead-near-arizona-hiking-trail-after-extensive-search-officials-say\" target=\"_blank\" rel=\"noopener\">Los Angeles Times,<\/a> qui cite un communiqu\u00e9 des autorit\u00e9s de Scottsdale, \u00ab\u00a0il n&rsquo;y avait aucun signe \u00e9vident d&rsquo;acte criminel ou de traumatisme\u00a0\u00bb.<\/p>\n<p>\u00ab\u00a0Les enqu\u00eateurs et le personnel de la sc\u00e8ne de crime de Scottsdale vont maintenant mener une enqu\u00eate approfondie afin de reconstituer le sort d&rsquo;Hannah et les circonstances de son d\u00e9c\u00e8s\u00a0\u00bb, pr\u00e9cise le communiqu\u00e9.<\/p>\n<p> On sait en revanche que les temp\u00e9ratures ont d\u00e9pass\u00e9 les 37 degr\u00e9s \u00e0 Scottsdale le jeudi 22 mai, \u00e0 peu pr\u00e8s au moment o\u00f9 le corps de Hannah Rose Moody a \u00e9t\u00e9 retrouv\u00e9.\u00a0<\/p>\n<p>Moody partage r\u00e9guli\u00e8rement sa passion pour la randonn\u00e9e sur ses comptes <a href=\"https:\/\/www.laprovence.com\/article\/region\/148407083201814\/une-salonnaise-lance-un-compte-instagram-pour-sensibiliser-au-cytomegalovirus\" target=\"_blank\" rel=\"noopener\">Instagram <\/a>et TikTok. Elle comptabilisait environ 45 000 abonn\u00e9s.<\/p>\n","protected":false},"excerpt":{"rendered":"Une jeune influenceuse randonn\u00e9e a \u00e9t\u00e9 retrouv\u00e9e morte. Mercredi 21 mai, la disparition d&rsquo;Hannah Rose Moody a \u00e9t\u00e9&hellip;\n","protected":false},"author":2,"featured_media":138075,"comment_status":"","ping_status":"","sticky":false,"template":"","format":"standard","meta":{"footnotes":""},"categories":[5],"tags":[17,11,26460,2715,932,274,1011,27,14,26462,26461,12,7553,4940,28],"class_list":{"0":"post-138074","1":"post","2":"type-post","3":"status-publish","4":"format-standard","5":"has-post-thumbnail","7":"category-international","8":"tag-17","9":"tag-actualites","10":"tag-dhannah","11":"tag-disparition","12":"tag-est","13":"tag-faits-divers-justice","14":"tag-fr","15":"tag-france","16":"tag-international","17":"tag-linfluenceuse","18":"tag-moody","19":"tag-news","20":"tag-randonnee","21":"tag-rose","22":"tag-world"},"share_on_mastodon":{"url":"https:\/\/pubeurope.com\/@fr\/114594030782054159","error":""},"_links":{"self":[{"href":"https:\/\/www.europesays.com\/fr\/wp-json\/wp\/v2\/posts\/138074","targetHints":{"allow":["GET"]}}],"collection":[{"href":"https:\/\/www.europesays.com\/fr\/wp-json\/wp\/v2\/posts"}],"about":[{"href":"https:\/\/www.europesays.com\/fr\/wp-json\/wp\/v2\/types\/post"}],"author":[{"embeddable":true,"href":"https:\/\/www.europesays.com\/fr\/wp-json\/wp\/v2\/users\/2"}],"replies":[{"embeddable":true,"href":"https:\/\/www.europesays.com\/fr\/wp-json\/wp\/v2\/comments?post=138074"}],"version-history":[{"count":0,"href":"https:\/\/www.europesays.com\/fr\/wp-json\/wp\/v2\/posts\/138074\/revisions"}],"wp:featuredmedia":[{"embeddable":true,"href":"https:\/\/www.europesays.com\/fr\/wp-json\/wp\/v2\/media\/138075"}],"wp:attachment":[{"href":"https:\/\/www.europesays.com\/fr\/wp-json\/wp\/v2\/media?parent=138074"}],"wp:term":[{"taxonomy":"category","embeddable":true,"href":"https:\/\/www.europesays.com\/fr\/wp-json\/wp\/v2\/categories?post=138074"},{"taxonomy":"post_tag","embeddable":true,"href":"https:\/\/www.europesays.com\/fr\/wp-json\/wp\/v2\/tags?post=138074"}],"curies":[{"name":"wp","href":"https:\/\/api.w.org\/{rel}","templated":true}]}}