{"id":138082,"date":"2025-05-30T00:51:17","date_gmt":"2025-05-30T00:51:17","guid":{"rendered":"https:\/\/www.europesays.com\/fr\/138082\/"},"modified":"2025-05-30T00:51:17","modified_gmt":"2025-05-30T00:51:17","slug":"deux-offres-pour-sauver-larmurier-verney-carron-dernier-fabricant-francais-darmes-de-petit-calibre","status":"publish","type":"post","link":"https:\/\/www.europesays.com\/fr\/138082\/","title":{"rendered":"Deux offres pour sauver l\u2019armurier Verney-Carron, dernier fabricant fran\u00e7ais d\u2019armes de petit calibre"},"content":{"rendered":"<p><strong>made in France &#8211; Cr\u00e9\u00e9 en\u00a01820, Verney-Carron est le dernier fabricant fran\u00e7ais d\u2019armes de petit calibre, et a notamment invent\u00e9 et commercialis\u00e9 les \u00ab\u00a0Flash-balls\u00a0\u00bb, des armes d\u00e9fensives utilis\u00e9es par la police nationale fran\u00e7aise pendant une vingtaine d\u2019ann\u00e9es<\/strong><\/p>\n<p>Le tribunal de commerce de <a href=\"https:\/\/www.20minutes.fr\/dossier\/saint-etienne?at_medium=RSS%20feed&amp;at_campaign=ynews&amp;utm_source=yahoo&amp;utm_medium=rss&amp;utm_campaign=news_feed&amp;utm_content=in_article_link\" rel=\"nofollow noopener\" target=\"_blank\" data-ylk=\"slk:Saint-Etienne;elm:context_link;itc:0;sec:content-canvas\" class=\"link \">Saint-Etienne<\/a> a examin\u00e9 mercredi les deux offres de reprise toujours en lice pour reprendre l\u2019<a href=\"https:\/\/www.20minutes.fr\/faits_divers\/4098461-20240628-toul-cambrioleurs-armurerie-repartent-58-armes-dont-fusil-assaut?at_medium=RSS%20feed&amp;at_campaign=ynews&amp;utm_source=yahoo&amp;utm_medium=rss&amp;utm_campaign=news_feed&amp;utm_content=in_article_link\" rel=\"nofollow noopener\" target=\"_blank\" data-ylk=\"slk:armurier;elm:context_link;itc:0;sec:content-canvas\" class=\"link \">armurier<\/a> fran\u00e7ais Verney-Carron, en <a href=\"https:\/\/www.20minutes.fr\/dossier\/redressement_judiciaire?at_medium=RSS%20feed&amp;at_campaign=ynews&amp;utm_source=yahoo&amp;utm_medium=rss&amp;utm_campaign=news_feed&amp;utm_content=in_article_link\" rel=\"nofollow noopener\" target=\"_blank\" data-ylk=\"slk:redressement judiciaire;elm:context_link;itc:0;sec:content-canvas\" class=\"link \">redressement judiciaire<\/a>. Le tribunal s\u2019est pench\u00e9 sur les offres du groupe Rivolier, importateur\/distributeur d\u2019armes bas\u00e9 \u00e0 Saint-Just-Saint-Rambert en Loire-Atlantique (350 salari\u00e9s et 150\u00a0millions d\u2019euros de chiffre d\u2019affaires) et de l\u2019industriel belge FN Browning (3.000 salari\u00e9s, environ 90\u00a0millions d\u2019euros de chiffre d\u2019affaires).<\/p>\n<p>f=\u00a0\u00bbhttps:\/\/c.leprogres.fr\/economie\/2025\/05\/28\/verney-carron-le-nom-du-repreneur-sera-connu-le-4-juin-prochain?at_medium=RSS%20feed&amp;at_campaign=ynews&amp;utm_source=yahoo&amp;utm_medium=rss&amp;utm_campaign=news_feed&amp;utm_content=in_article_link\u00a0\u00bb&gt;Selon Le Progr\u00e8s, Rivolier a propos\u00e9 de reprendre 55 des 67 salari\u00e9s de Verney-Carron, et d\u2019investir plusieurs millions d\u2019euros dans un nouveau b\u00e2timent de 10.000 m\u00b2. Le groupe belge a propos\u00e9 quant \u00e0 lui une reprise de 50 salari\u00e9s, ainsi que des investissements industriels \u00e0 Saint-Etienne. FN Browning met en avant son partenariat avec l\u2019\u00c9tat fran\u00e7ais sur le <a href=\"https:\/\/www.20minutes.fr\/politique\/4142350-20250307-rearmement-emprunt-national-aupres-francais-possibilite-selon-francois-bayrou?at_medium=RSS%20feed&amp;at_campaign=ynews&amp;utm_source=yahoo&amp;utm_medium=rss&amp;utm_campaign=news_feed&amp;utm_content=in_article_link\" rel=\"nofollow noopener\" target=\"_blank\" data-ylk=\"slk:r\u00e9armement de la France;elm:context_link;itc:0;sec:content-canvas\" class=\"link \">r\u00e9armement de la France<\/a>.<\/p>\n<p>Recul des ventes de fusils et de carabines de chasse et de tir<\/p>\n<p>Le tribunal de commerce avait prononc\u00e9 l\u2019ouverture d\u2019une proc\u00e9dure de redressement judiciaire de Verney-Carron le 12\u00a0f\u00e9vrier dernier, et d\u00e9sign\u00e9 un administrateur judiciaire pour accompagner la gestion de l\u2019entreprise d\u00e9tenue majoritairement par le groupe fran\u00e7ais Cybergun (65\u00a0%) depuis mi-2022.<\/p>\n<p>Les ventes de Verney-Carron ont continu\u00e9 \u00e0 chuter l\u2019an dernier, avec de lourdes pertes et un chiffre d\u2019affaires pass\u00e9 sous la barre des 4\u00a0millions d\u2019euros, contre 5,45\u00a0millions en\u00a02023, selon une source proche du dossier. Le passif cumul\u00e9 d\u00e9clar\u00e9 par la dire(&#8230;)<\/p>\n<p><a href=\"https:\/\/www.20minutes.fr\/economie\/4155992-20250529-saint-etienne-deux-offres-sauver-armurier-verney-carron-dernier-fabricant-francais-armes-petit-calibre?at_medium=RSS%20feed&amp;at_campaign=ynews&amp;utm_source=yahoo&amp;utm_medium=rss&amp;utm_campaign=news_feed&amp;utm_content=read_more_link&quot;\" rel=\"nofollow noopener\" target=\"_blank\" data-ylk=\"slk:Lire la suite sur 20minutes;elm:context_link;itc:0;sec:content-canvas\" class=\"link \">Lire la suite sur 20minutes<\/a><\/p>\n<p>\u00c0 lire aussi :<br \/><a href=\"https:\/\/www.20minutes.fr\/economie\/4143217-20250312-fabricant-armes-rheinmetall-frotte-mains-ere-rearmement-commence?at_medium=RSS%20feed&amp;at_campaign=ynews&amp;utm_source=yahoo&amp;utm_medium=rss&amp;utm_campaign=news_feed&amp;utm_content=related_content_link\" rel=\"nofollow noopener\" target=\"_blank\" data-ylk=\"slk:Le fabricant d\u2019armes Rheinmetall se frotte les mains\u2026 \u00ab\u00a0Une \u00e8re de r\u00e9armement a commenc\u00e9\u00a0\u00bb;elm:context_link;itc:0;sec:content-canvas\" class=\"link \">Le fabricant d\u2019armes Rheinmetall se frotte les mains\u2026 \u00ab\u00a0Une \u00e8re de r\u00e9armement a commenc\u00e9\u00a0\u00bb<\/a><br \/><a href=\"https:\/\/www.20minutes.fr\/economie\/4073881-20240201-faire-fabricant-francais-arquus-acteur-premier-plan-chars-blindes-legers?at_medium=RSS%20feed&amp;at_campaign=ynews&amp;utm_source=yahoo&amp;utm_medium=rss&amp;utm_campaign=news_feed&amp;utm_content=related_content_link\" rel=\"nofollow noopener\" target=\"_blank\" data-ylk=\"slk:Faire du fabricant fran\u00e7ais Arquus \u00ab\u00a0un acteur de premier plan dans les chars blind\u00e9s l\u00e9gers\u00a0\u00bb;elm:context_link;itc:0;sec:content-canvas\" class=\"link \">Faire du fabricant fran\u00e7ais Arquus \u00ab\u00a0un acteur de premier plan dans les chars blind\u00e9s l\u00e9gers\u00a0\u00bb<\/a><\/p>\n","protected":false},"excerpt":{"rendered":"made in France &#8211; Cr\u00e9\u00e9 en\u00a01820, Verney-Carron est le dernier fabricant fran\u00e7ais d\u2019armes de petit calibre, et a&hellip;\n","protected":false},"author":2,"featured_media":138083,"comment_status":"","ping_status":"","sticky":false,"template":"","format":"standard","meta":{"footnotes":""},"categories":[9653],"tags":[1111,11,26465,2430,26466,1777,674,26464,1011,27,12,25,4001,26463,10330],"class_list":{"0":"post-138082","1":"post","2":"type-post","3":"status-publish","4":"format-standard","5":"has-post-thumbnail","7":"category-saint-etienne","8":"tag-actu","9":"tag-actualites","10":"tag-armes-defensives","11":"tag-auvergne-rhone-alpes","12":"tag-carabines-de-chasse","13":"tag-eu","14":"tag-europe","15":"tag-fabricant-francais","16":"tag-fr","17":"tag-france","18":"tag-news","19":"tag-republique-francaise","20":"tag-saint-etienne","21":"tag-tribunal-de-commerce","22":"tag-verney-carron"},"share_on_mastodon":{"url":"https:\/\/pubeurope.com\/@fr\/114594046464544703","error":""},"_links":{"self":[{"href":"https:\/\/www.europesays.com\/fr\/wp-json\/wp\/v2\/posts\/138082","targetHints":{"allow":["GET"]}}],"collection":[{"href":"https:\/\/www.europesays.com\/fr\/wp-json\/wp\/v2\/posts"}],"about":[{"href":"https:\/\/www.europesays.com\/fr\/wp-json\/wp\/v2\/types\/post"}],"author":[{"embeddable":true,"href":"https:\/\/www.europesays.com\/fr\/wp-json\/wp\/v2\/users\/2"}],"replies":[{"embeddable":true,"href":"https:\/\/www.europesays.com\/fr\/wp-json\/wp\/v2\/comments?post=138082"}],"version-history":[{"count":0,"href":"https:\/\/www.europesays.com\/fr\/wp-json\/wp\/v2\/posts\/138082\/revisions"}],"wp:featuredmedia":[{"embeddable":true,"href":"https:\/\/www.europesays.com\/fr\/wp-json\/wp\/v2\/media\/138083"}],"wp:attachment":[{"href":"https:\/\/www.europesays.com\/fr\/wp-json\/wp\/v2\/media?parent=138082"}],"wp:term":[{"taxonomy":"category","embeddable":true,"href":"https:\/\/www.europesays.com\/fr\/wp-json\/wp\/v2\/categories?post=138082"},{"taxonomy":"post_tag","embeddable":true,"href":"https:\/\/www.europesays.com\/fr\/wp-json\/wp\/v2\/tags?post=138082"}],"curies":[{"name":"wp","href":"https:\/\/api.w.org\/{rel}","templated":true}]}}