{"id":138097,"date":"2025-05-30T01:04:44","date_gmt":"2025-05-30T01:04:44","guid":{"rendered":"https:\/\/www.europesays.com\/fr\/138097\/"},"modified":"2025-05-30T01:04:44","modified_gmt":"2025-05-30T01:04:44","slug":"avec-sa-carte-postale-de-rennes-margaret-tchatcheuse-ravive-la-flamme-du-punk-francais-3","status":"publish","type":"post","link":"https:\/\/www.europesays.com\/fr\/138097\/","title":{"rendered":"Avec sa \u00ab\u00a0Carte postale\u00a0\u00bb de Rennes, Margaret Tchatcheuse ravive la flamme du punk fran\u00e7ais"},"content":{"rendered":"<p>Perdre son portefeuille \u00e0 la gare Montparnasse, avoir peur des canards du parc Oberthur ou encore remettre les m\u00eames chaussettes que la veille\u00a0! Les chansons de Margaret Tchatcheuse, aux allures de journal de bord foireux, secouent tout bon fan de punk fran\u00e7ais.<\/p>\n<p>Parce que tout le monde se reconna\u00eet plus ou moins dans cette Carte postale \u2013 titre de <a href=\"https:\/\/margarettchatcheuse.bandcamp.com\/album\/carte-postale\" target=\"_blank\" rel=\"noopener\">leur premier EP \u2013 <\/a>gueul\u00e9e par Mogan Picq et Adrien Morice, les deux guitares et voix du groupe. Avec \u00c9lodie Martin, \u00e0 la batterie et aux ch\u0153urs, ces trois jeunes n\u00e9o Rennais forment Margaret Tchatcheuse.<\/p>\n<p wp_automatic_readability=\"1\">\n<p>Your browser does not support iframes.<\/p>\n<\/p>\n<p>Attach\u00e9 \u00e0 leur ville comme \u00e0 leur ind\u00e9pendance, le trio punk a pris forme \u00e0 force de se croiser dans les rades du centre-ville. <strong>\u00ab\u00a0J\u2019adore l\u2019id\u00e9e de parler de son coin. Dans nos paroles, je place un maximum de compl\u00e9ments circonstanciels de lieux. \u00c7a permet \u00e0 tous les habitants concern\u00e9s de s\u2019y retrouver. <a href=\"https:\/\/lemans.maville.com\/actu\/actudet_-billet.-dix-ans-sans-jean-luc-le-tenia-l-ame-du-mans-_52734-4611881_actu.Htm\" target=\"_blank\" rel=\"noopener\">Jean-Luc Le T\u00e9nia le faisait tr\u00e8s bien avec Le Mans<\/a> (Sarthe), <a href=\"https:\/\/alencon.maville.com\/normandie\/orne\/flers\/justine-en-concert-ce-samedi-soir-au-brazza-1326444\" target=\"_blank\" rel=\"noopener\">Justin(e) avec Treilli\u00e8res (Loire-Atantique)<\/a>. M\u00eame quand \u00e7a parle d\u2019une ville que je ne connais pas, \u00e7a m\u2019\u00e9m<strong>eut\u00a0\u00bb<\/strong> <\/strong> <strong>,<\/strong> confie Mogan Picq.<\/p>\n<p>En plus de chanter une ode \u00e0 Rennes, Margaret Tchatcheuse rend hommage \u00e0 cette adolescence prolong\u00e9e, teint\u00e9e de lose, gal\u00e9rant \u00e0 d\u00e9marrer ce concept flou nomm\u00e9<strong> \u00ab\u00a0la vie d\u2019adulte\u00a0<strong>\u00bb<\/strong> <\/strong> <strong>.<\/strong> <strong>\u00ab\u00a0On chante un quotidien fait de jobs de merde, de gal\u00e8res amoureuses, de traumas de vie et d\u2019une flemme ambian<strong>te\u00a0\u00bb<\/strong> <\/strong> <strong>, <\/strong>liste \u00c9lodie en souriant.<\/p>\n<p>\u00c0 l\u2019arriv\u00e9e, le son de Margaret Tchatcheuse, dont les paroles d\u2019un quotidien banal s\u2019agr\u00e9mentent d\u2019absurdit\u00e9, d\u00e9livre une po\u00e9sie punk en fran\u00e7ais sinc\u00e8rement dr\u00f4le. \u00c0 d\u00e9guster <strong>\u00ab\u00a0surtout en live\u00a0\u00bb,<\/strong> selon Adrien Morice, estimant que <strong>\u00ab\u00a0sortir des disques\u00a0\u00bb<\/strong> ne reste <strong>\u00ab\u00a0qu\u2019un pr\u00e9texte\u00a0\u00bb.<\/strong> Tout est dit\u00a0!<\/p>\n<p>En concert gratuit samedi 21\u00a0juin, place du souvenir, quartier Sainte-Th\u00e9r\u00e8se \u00e0 Rennes, pour la f\u00eate de la Musique.<\/p>\n<p>\u00a0<\/p>\n","protected":false},"excerpt":{"rendered":"Perdre son portefeuille \u00e0 la gare Montparnasse, avoir peur des canards du parc Oberthur ou encore remettre les&hellip;\n","protected":false},"author":2,"featured_media":136529,"comment_status":"","ping_status":"","sticky":false,"template":"","format":"standard","meta":{"footnotes":""},"categories":[2821],"tags":[1111,11,829,11617,1777,674,19235,1011,3844,27,26265,766,12,26264,26268,26267,584,25,26266],"class_list":{"0":"post-138097","1":"post","2":"type-post","3":"status-publish","4":"format-standard","5":"has-post-thumbnail","7":"category-rennes","8":"tag-actu","9":"tag-actualites","10":"tag-bretagne","11":"tag-carte","12":"tag-eu","13":"tag-europe","14":"tag-flamme","15":"tag-fr","16":"tag-francais","17":"tag-france","18":"tag-margaret","19":"tag-nantes","20":"tag-news","21":"tag-postale","22":"tag-punk","23":"tag-ravive","24":"tag-rennes","25":"tag-republique-francaise","26":"tag-tchatcheuse"},"share_on_mastodon":{"url":"https:\/\/pubeurope.com\/@fr\/114594097794322652","error":""},"_links":{"self":[{"href":"https:\/\/www.europesays.com\/fr\/wp-json\/wp\/v2\/posts\/138097","targetHints":{"allow":["GET"]}}],"collection":[{"href":"https:\/\/www.europesays.com\/fr\/wp-json\/wp\/v2\/posts"}],"about":[{"href":"https:\/\/www.europesays.com\/fr\/wp-json\/wp\/v2\/types\/post"}],"author":[{"embeddable":true,"href":"https:\/\/www.europesays.com\/fr\/wp-json\/wp\/v2\/users\/2"}],"replies":[{"embeddable":true,"href":"https:\/\/www.europesays.com\/fr\/wp-json\/wp\/v2\/comments?post=138097"}],"version-history":[{"count":0,"href":"https:\/\/www.europesays.com\/fr\/wp-json\/wp\/v2\/posts\/138097\/revisions"}],"wp:featuredmedia":[{"embeddable":true,"href":"https:\/\/www.europesays.com\/fr\/wp-json\/wp\/v2\/media\/136529"}],"wp:attachment":[{"href":"https:\/\/www.europesays.com\/fr\/wp-json\/wp\/v2\/media?parent=138097"}],"wp:term":[{"taxonomy":"category","embeddable":true,"href":"https:\/\/www.europesays.com\/fr\/wp-json\/wp\/v2\/categories?post=138097"},{"taxonomy":"post_tag","embeddable":true,"href":"https:\/\/www.europesays.com\/fr\/wp-json\/wp\/v2\/tags?post=138097"}],"curies":[{"name":"wp","href":"https:\/\/api.w.org\/{rel}","templated":true}]}}