{"id":13811,"date":"2025-04-09T23:56:22","date_gmt":"2025-04-09T23:56:22","guid":{"rendered":"https:\/\/www.europesays.com\/fr\/13811\/"},"modified":"2025-04-09T23:56:22","modified_gmt":"2025-04-09T23:56:22","slug":"unai-emery-je-suis-fier-de-revenir-a-paris-c1-quarts-psg-aston-villa","status":"publish","type":"post","link":"https:\/\/www.europesays.com\/fr\/13811\/","title":{"rendered":"Unai Emery : \u00ab\u202f\u202fJe suis fier de revenir \u00e0 Paris\u00a0\u00bb &#8211; C1 &#8211; Quarts &#8211; PSG-Aston Villa"},"content":{"rendered":"<p>Comme on se retrouve.<\/p>\n<p>En conf\u00e9rence ce mardi, \u00e0 la veille du quart de finale aller de la Ligue des champions entre le PSG et Aston Villa, <a target=\"_blank\" href=\"https:\/\/www.sofoot.com\/articles\/psg-aston-villa-il-dort-football-il-vit-football-il-cague-football-unai-emery-cest-un-malade\" rel=\"nofollow noopener\">Unai Emery<\/a> n\u2019a pas cach\u00e9 sa fiert\u00e9 de retrouver son ancien club \u00e0 ce stade de la comp\u00e9tition : \u00ab\u202fJ\u2019ai pass\u00e9 deux ans ici. Tout ce que j\u2019ai fait ici, c\u2019est du pass\u00e9. J\u2019ai transform\u00e9 ces exp\u00e9riences vers ce que je suis aujourd\u2019hui. <strong>Revenir \u00e0 Paris, c\u2019est sp\u00e9cial pour moi. Je suis fier de la mani\u00e8re dont je reviens ici, je vais essayer d\u2019appr\u00e9cier ce quart de<\/strong> <strong>finale<\/strong>.\u00a0\u00bb<\/p>\n<p>\u00ab\u202fEnrique ? C\u2019est l\u2019un des meilleurs coachs du monde\u00a0\u00bb<\/p>\n<p>Apr\u00e8s avoir <a target=\"_blank\" href=\"https:\/\/www.sofoot.com\/breves\/psg-aston-villa-la-nouvelle-provocation-du-gardien-argentin-emiliano-martinez\" rel=\"nofollow noopener\">lou\u00e9 la maturit\u00e9 d\u2019Emiliano Martinez<\/a> (oui, oui), l\u2019ancien entra\u00eeneur du club de la capitale a encens\u00e9 son confr\u00e8re, Luis Enrique : <strong>\u00ab\u202fC\u2019est l\u2019un des meilleurs coachs du monde.<\/strong><strong> [.<\/strong><strong>..]<\/strong><strong> Je l\u2019ai beaucoup rencontr\u00e9, c\u2019est toujours difficile tactiquement de d\u00e9fendre contre lui et d\u2019imposer notre strat\u00e9gie.<\/strong> Il est tr\u00e8s exigeant avec ce qu\u2019il demande \u00e0 ses \u00e9quipes. Sous pression, ils sont tr\u00e8s bons et mettent aussi la pression avec les joueurs qu\u2019ils ont. C\u2019est intense sur chaque action\u2026 Demain, ce sera un challenge, mais un d\u00e9fi comme on en a eu avant. [\u2026] Il apporte toujours sa touche en mati\u00e8re de football, et je vais appr\u00e9cier de l\u2019affronter en Ligue des champions. J\u2019esp\u00e8re qu\u2019on va pouvoir assister \u00e0 un tr\u00e8s bon match.\u202f\u00bb<\/p>\n<p><a target=\"_blank\" href=\"https:\/\/www.sofoot.com\/articles\/en-quarts-de-finale-de-ligue-des-champions-qui-entre-kvaratskhelia-doue-et-barcola-doit-etre-titulaire-pour-le-psg-contre-aston-villa\" rel=\"nofollow noopener\">On se frotte d\u00e9j\u00e0 les mains.<\/a><\/p>\n<p>\t\t\t\t\t\t\t\t\t\t<a class=\"lien-connexe\" href=\"https:\/\/www.sofoot.com\/breves\/une-bagarre-entre-hooligans-dans-paris-avant-psg-aston-villa\" rel=\"nofollow noopener\" target=\"_blank\">Une bagarre entre hooligans dans Paris avant PSG-Aston Villa<\/a>\t\t\t\t\t<\/p>\n","protected":false},"excerpt":{"rendered":"Comme on se retrouve. En conf\u00e9rence ce mardi, \u00e0 la veille du quart de finale aller de la&hellip;\n","protected":false},"author":2,"featured_media":13812,"comment_status":"","ping_status":"","sticky":false,"template":"","format":"standard","meta":{"footnotes":""},"categories":[1888],"tags":[47,11,61,69,65,64,1777,674,63,1011,27,68,66,12,62,626,70,25,67],"class_list":{"0":"post-13811","1":"post","2":"type-post","3":"status-publish","4":"format-standard","5":"has-post-thumbnail","7":"category-paris","8":"tag-actualite","9":"tag-actualites","10":"tag-actus-football","11":"tag-bundesliga","12":"tag-championnats-europeens","13":"tag-equipe-de-france","14":"tag-eu","15":"tag-europe","16":"tag-football","17":"tag-fr","18":"tag-france","19":"tag-ligua","20":"tag-ligue-1","21":"tag-news","22":"tag-news-foot","23":"tag-paris","24":"tag-premier-league","25":"tag-republique-francaise","26":"tag-serie-a"},"share_on_mastodon":{"url":"https:\/\/pubeurope.com\/@fr\/114310714695226723","error":""},"_links":{"self":[{"href":"https:\/\/www.europesays.com\/fr\/wp-json\/wp\/v2\/posts\/13811","targetHints":{"allow":["GET"]}}],"collection":[{"href":"https:\/\/www.europesays.com\/fr\/wp-json\/wp\/v2\/posts"}],"about":[{"href":"https:\/\/www.europesays.com\/fr\/wp-json\/wp\/v2\/types\/post"}],"author":[{"embeddable":true,"href":"https:\/\/www.europesays.com\/fr\/wp-json\/wp\/v2\/users\/2"}],"replies":[{"embeddable":true,"href":"https:\/\/www.europesays.com\/fr\/wp-json\/wp\/v2\/comments?post=13811"}],"version-history":[{"count":0,"href":"https:\/\/www.europesays.com\/fr\/wp-json\/wp\/v2\/posts\/13811\/revisions"}],"wp:featuredmedia":[{"embeddable":true,"href":"https:\/\/www.europesays.com\/fr\/wp-json\/wp\/v2\/media\/13812"}],"wp:attachment":[{"href":"https:\/\/www.europesays.com\/fr\/wp-json\/wp\/v2\/media?parent=13811"}],"wp:term":[{"taxonomy":"category","embeddable":true,"href":"https:\/\/www.europesays.com\/fr\/wp-json\/wp\/v2\/categories?post=13811"},{"taxonomy":"post_tag","embeddable":true,"href":"https:\/\/www.europesays.com\/fr\/wp-json\/wp\/v2\/tags?post=13811"}],"curies":[{"name":"wp","href":"https:\/\/api.w.org\/{rel}","templated":true}]}}