{"id":138113,"date":"2025-05-30T01:14:09","date_gmt":"2025-05-30T01:14:09","guid":{"rendered":"https:\/\/www.europesays.com\/fr\/138113\/"},"modified":"2025-05-30T01:14:09","modified_gmt":"2025-05-30T01:14:09","slug":"previsions-du-vendredi-30-mai-2025-10","status":"publish","type":"post","link":"https:\/\/www.europesays.com\/fr\/138113\/","title":{"rendered":"pr\u00e9visions du vendredi 30 mai 2025"},"content":{"rendered":"<p>Le soleil sera dominant, la garantie d&rsquo;une belle journ\u00e9e \u00e0 Toulouse ! Les valeurs seront de 16\u00b0C au plus bas et de 31\u00b0C au plus haut. Un vent d&rsquo;est soufflera l\u00e9g\u00e8rement, avec 8 km\/h dans la matin\u00e9e. L&rsquo;apr\u00e8s-midi, c&rsquo;est une hausse de plusieurs degr\u00e9s que vont conna\u00eetre les temp\u00e9ratures. La ville va subir une vague d&rsquo;importantes chaleurs avec des temp\u00e9ratures qui rejoindront parfois les 31\u00b0C. Les valeurs afficheront entre 29\u00b0C et 31\u00b0C. Les temp\u00e9ratures avoisineront les 24\u00b0C au cours de la soir\u00e9e. Entre vendredi et samedi, la nuit sera claire.<\/p>\n<p>Un beau soleil est pr\u00e9vu demain \u00e0 Toulouse. Une diminution du mercure est attendue. Les valeurs seront comprises entre 16 et 29\u00b0C. Un vent de nord-ouest rafra\u00eechira un peu l&rsquo;atmosph\u00e8re. Le temps va se r\u00e9chauffer demain apr\u00e8s-midi avec une augmentation de plusieurs degr\u00e9s. Les maximales pourront atteindre 29\u00b0C et les minimales seront de 27\u00b0C. Il fera 24\u00b0C en moyenne demain soir.<\/p>\n<p>Les jours passent mais ne se ressemblent pas. La m\u00e9t\u00e9o sera changeante les jours qui suivent. Apr\u00e8s une journ\u00e9e nuageuse dimanche, on s&rsquo;attend \u00e0 une am\u00e9lioration lundi.<\/p>\n<p><\/p>\n","protected":false},"excerpt":{"rendered":"Le soleil sera dominant, la garantie d&rsquo;une belle journ\u00e9e \u00e0 Toulouse ! Les valeurs seront de 16\u00b0C au&hellip;\n","protected":false},"author":2,"featured_media":138114,"comment_status":"","ping_status":"","sticky":false,"template":"","format":"standard","meta":{"footnotes":""},"categories":[2816],"tags":[1111,11,1777,674,1011,27,2722,2721,12,2680,2119,25,2312],"class_list":{"0":"post-138113","1":"post","2":"type-post","3":"status-publish","4":"format-standard","5":"has-post-thumbnail","7":"category-toulouse","8":"tag-actu","9":"tag-actualites","10":"tag-eu","11":"tag-europe","12":"tag-fr","13":"tag-france","14":"tag-haute-garonne","15":"tag-midi-pyrenees","16":"tag-news","17":"tag-occitanie","18":"tag-previsions-meteo","19":"tag-republique-francaise","20":"tag-toulouse"},"share_on_mastodon":{"url":"https:\/\/pubeurope.com\/@fr\/114594136993255011","error":""},"_links":{"self":[{"href":"https:\/\/www.europesays.com\/fr\/wp-json\/wp\/v2\/posts\/138113","targetHints":{"allow":["GET"]}}],"collection":[{"href":"https:\/\/www.europesays.com\/fr\/wp-json\/wp\/v2\/posts"}],"about":[{"href":"https:\/\/www.europesays.com\/fr\/wp-json\/wp\/v2\/types\/post"}],"author":[{"embeddable":true,"href":"https:\/\/www.europesays.com\/fr\/wp-json\/wp\/v2\/users\/2"}],"replies":[{"embeddable":true,"href":"https:\/\/www.europesays.com\/fr\/wp-json\/wp\/v2\/comments?post=138113"}],"version-history":[{"count":0,"href":"https:\/\/www.europesays.com\/fr\/wp-json\/wp\/v2\/posts\/138113\/revisions"}],"wp:featuredmedia":[{"embeddable":true,"href":"https:\/\/www.europesays.com\/fr\/wp-json\/wp\/v2\/media\/138114"}],"wp:attachment":[{"href":"https:\/\/www.europesays.com\/fr\/wp-json\/wp\/v2\/media?parent=138113"}],"wp:term":[{"taxonomy":"category","embeddable":true,"href":"https:\/\/www.europesays.com\/fr\/wp-json\/wp\/v2\/categories?post=138113"},{"taxonomy":"post_tag","embeddable":true,"href":"https:\/\/www.europesays.com\/fr\/wp-json\/wp\/v2\/tags?post=138113"}],"curies":[{"name":"wp","href":"https:\/\/api.w.org\/{rel}","templated":true}]}}