{"id":138122,"date":"2025-05-30T01:20:17","date_gmt":"2025-05-30T01:20:17","guid":{"rendered":"https:\/\/www.europesays.com\/fr\/138122\/"},"modified":"2025-05-30T01:20:17","modified_gmt":"2025-05-30T01:20:17","slug":"universite-lyon-2-une-cause-perdue","status":"publish","type":"post","link":"https:\/\/www.europesays.com\/fr\/138122\/","title":{"rendered":"Universit\u00e9 Lyon 2, une cause perdue ?"},"content":{"rendered":"<p itemprop=\"description\"><strong><strong><strong>LyonMag n\u00b0213 est en kiosques ce vendredi, disponible dans vos points de vente habituels.<\/strong><\/strong><\/strong><\/p>\n<p style=\"text-align:center\"><img loading=\"lazy\" decoding=\"async\" alt=\"\" height=\"776\" src=\"https:\/\/www.europesays.com\/fr\/wp-content\/uploads\/2025\/05\/universite-lyon-2.jpg\" width=\"600\"\/><\/p>\n<p>L\u2019universit\u00e9 Lumi\u00e8re Lyon 2, pilier des sciences humaines et sociales dans la r\u00e9gion et au-del\u00e0, jouit d\u2019une histoire riche et d\u2019une offre de formation diversifi\u00e9e. Mais derri\u00e8re la fa\u00e7ade institutionnelle, la facult\u00e9 n\u00e9e sur les cendres de mai 68 fait face \u00e0 une r\u00e9putation contrast\u00e9e, tiraill\u00e9e entre excellence acad\u00e9mique et critiques r\u00e9currentes sur ses conditions d\u2019\u00e9tudes, sa gestion et son climat interne. L&rsquo;\u00e9tablissement aux 27 000 \u00e9tudiants est-il r\u00e9ellement en train de d\u00e9river dans une forme d&rsquo;islamo-gauchisme ? Ou s&rsquo;agit-il d&rsquo;une r\u00e9pression \u00e0 peine masqu\u00e9e d&rsquo;une droite exasp\u00e9r\u00e9e ?<\/p>\n<p>Notre num\u00e9ro n\u00b0213 est \u00e9galement disponible dans le cadre d&rsquo;un <a href=\"https:\/\/www.lyonmag.com\/page\/subscribe\" target=\"_blank\" rel=\"noopener\">abonnement au format papier<\/a>, ou \u00e0 la vente en ligne, sur <a href=\"https:\/\/www.viapresse.com\/abonnement-magazine-lyonmag.html#last_issues_info\" target=\"_blank\" rel=\"noopener\">le site de notre partenaire Via Presse<\/a>.<\/p>\n<p>Au sommaire de ce num\u00e9ro de juin 2025 :<\/p>\n<p>&#8211; L&rsquo;Universit\u00e9 Lyon 2 est-elle une cause perdue ?<\/p>\n<p>&#8211; Pourquoi la Jeune Garde pose-t-elle probl\u00e8me ?<\/p>\n<p>&#8211; La pr\u00e9-campagne de Gr\u00e9gory Doucet sur les deniers publics<\/p>\n<p>&#8211; Lyon Femmes : C\u00e9line Roy, sa m\u00e9thode pour rester en forme<\/p>\n<p>&#8211; Lyon Restaurants : rencontre avec la cheffe Mariana Roffiel<\/p>\n<p>&#8211; Lyon Foot : qui va faire ses valises cet \u00e9t\u00e9 \u00e0 l&rsquo;OL ?<\/p>\n","protected":false},"excerpt":{"rendered":"LyonMag n\u00b0213 est en kiosques ce vendredi, disponible dans vos points de vente habituels. L\u2019universit\u00e9 Lumi\u00e8re Lyon 2,&hellip;\n","protected":false},"author":2,"featured_media":138123,"comment_status":"","ping_status":"","sticky":false,"template":"","format":"standard","meta":{"footnotes":""},"categories":[1889],"tags":[1111,11,2813,2190,2430,1109,251,1112,2811,1777,674,118,1011,27,1922,1110,1114,2428,2810,12,241,316,25,2812,517,800],"class_list":{"0":"post-138122","1":"post","2":"type-post","3":"status-publish","4":"format-standard","5":"has-post-thumbnail","7":"category-lyon","8":"tag-actu","9":"tag-actualites","10":"tag-article","11":"tag-asvel","12":"tag-auvergne-rhone-alpes","13":"tag-breves","14":"tag-culture","15":"tag-depeches","16":"tag-economique","17":"tag-eu","18":"tag-europe","19":"tag-faits-divers","20":"tag-fr","21":"tag-france","22":"tag-info","23":"tag-informations","24":"tag-infos","25":"tag-lyon","26":"tag-lyonmag","27":"tag-news","28":"tag-ol","29":"tag-politique","30":"tag-republique-francaise","31":"tag-sociale","32":"tag-sport","33":"tag-transports"},"share_on_mastodon":{"url":"https:\/\/pubeurope.com\/@fr\/114594160660845848","error":""},"_links":{"self":[{"href":"https:\/\/www.europesays.com\/fr\/wp-json\/wp\/v2\/posts\/138122","targetHints":{"allow":["GET"]}}],"collection":[{"href":"https:\/\/www.europesays.com\/fr\/wp-json\/wp\/v2\/posts"}],"about":[{"href":"https:\/\/www.europesays.com\/fr\/wp-json\/wp\/v2\/types\/post"}],"author":[{"embeddable":true,"href":"https:\/\/www.europesays.com\/fr\/wp-json\/wp\/v2\/users\/2"}],"replies":[{"embeddable":true,"href":"https:\/\/www.europesays.com\/fr\/wp-json\/wp\/v2\/comments?post=138122"}],"version-history":[{"count":0,"href":"https:\/\/www.europesays.com\/fr\/wp-json\/wp\/v2\/posts\/138122\/revisions"}],"wp:featuredmedia":[{"embeddable":true,"href":"https:\/\/www.europesays.com\/fr\/wp-json\/wp\/v2\/media\/138123"}],"wp:attachment":[{"href":"https:\/\/www.europesays.com\/fr\/wp-json\/wp\/v2\/media?parent=138122"}],"wp:term":[{"taxonomy":"category","embeddable":true,"href":"https:\/\/www.europesays.com\/fr\/wp-json\/wp\/v2\/categories?post=138122"},{"taxonomy":"post_tag","embeddable":true,"href":"https:\/\/www.europesays.com\/fr\/wp-json\/wp\/v2\/tags?post=138122"}],"curies":[{"name":"wp","href":"https:\/\/api.w.org\/{rel}","templated":true}]}}