{"id":138128,"date":"2025-05-30T01:24:10","date_gmt":"2025-05-30T01:24:10","guid":{"rendered":"https:\/\/www.europesays.com\/fr\/138128\/"},"modified":"2025-05-30T01:24:10","modified_gmt":"2025-05-30T01:24:10","slug":"a-paris-un-dispositif-de-securite-renforce-pour-un-week-end-a-haut-risque","status":"publish","type":"post","link":"https:\/\/www.europesays.com\/fr\/138128\/","title":{"rendered":"\u00e0 Paris, un dispositif de s\u00e9curit\u00e9 renforc\u00e9 pour un week-end \u00e0 haut risque"},"content":{"rendered":"<p>Alors qu\u2019une parade est pr\u00e9vue dimanche sur les Champs-\u00c9lys\u00e9es en cas de victoire, Bruno Retailleau ne veut pas revivre le chaos qui co\u00fbta tant \u00e0 son pr\u00e9d\u00e9cesseur en 2022.<\/p>\n<p class=\"fig-paragraph\">C\u2019est le soir de tous les dangers pour les forces de s\u00e9curit\u00e9 en France. La finale de la Ligue des champions opposant le\u00a0<a href=\"http:\/\/www.lefigaro.fr\/sports\/football\/ligue-des-champions\/psg-inter-milan-vigilance-maximale-autour-de-la-finale-retailleau-demande-aux-prefets-de-securiser-les-abords-des-fan-zones-20250529\" data-fig-type=\"NewsFlash\" data-gtm-custom-categorie=\"navigation\" data-gtm-custom-action=\"crossclick\" data-gtm-custom-label=\"Contextuel\" data-gtm-event=\"customEventSPE\" data-fig-domain=\"LEFIGARO\" target=\"_blank\" rel=\"noopener\">PSG \u00e0 l\u2019Inter Milan<\/a>, ce samedi 31\u00a0mai \u00e0 Munich, ne doit pas servir de pr\u00e9texte \u00e0 des d\u00e9bordements dans les grandes villes fran\u00e7aises, et pas seulement \u00e0 Paris, quel que soit le r\u00e9sultat. Le ministre de l\u2019Int\u00e9rieur, Bruno Retailleau, n\u2019ignore pas la port\u00e9e internationale de cet \u00e9v\u00e9nement qui peut devenir une v\u00e9ritable chambre d\u2019\u00e9cho n\u00e9gative, si jamais la violence s\u2019invitait dans les rues au d\u00e9tour de cette manifestation sportive de premier plan.<\/p>\n<p class=\"fig-paragraph\">Le pr\u00e9d\u00e9cesseur du nouvel homme fort de la droite \u00e0 Beauvau en sait quelque chose.\u00a0<a href=\"http:\/\/www.lefigaro.fr\/conjoncture\/la-france-pourrait-elle-vraiment-supprimer-l-argent-liquide-comme-le-souhaite-gerald-darmanin-20250523\" data-fig-type=\"Article\" data-gtm-custom-categorie=\"navigation\" data-gtm-custom-action=\"crossclick\" data-gtm-custom-label=\"Contextuel\" data-gtm-event=\"customEventSPE\" data-fig-domain=\"LEFIGARO\" target=\"_blank\" rel=\"noopener\">G\u00e9rald Darmanin<\/a>\u00a0aura attendu trois ans pour s\u2019excuser aupr\u00e8s des supporteurs de Liverpool, injustement accus\u00e9s d\u2019\u00eatre les responsables d\u2019un v\u00e9ritable chaos s\u00e9curitaire en 2022, lors de la finale de la Ligue des champions face au Real Madrid, au Stade de France, \u00e0 Saint-Denis. Alors que la faute incombait aux bandes de voyous de banlieue qui pillaient\u2026<\/p>\n<p class=\"fig-premium-paywall__infos\">\n        Cet article est r\u00e9serv\u00e9 aux abonn\u00e9s.        Il vous reste 84% \u00e0 d\u00e9couvrir.\n    <\/p>\n<p>                <img  data- alt=\"Le Figaro\" class=\"fig-img--complete fig-img\"\/><\/p>\n<p class=\"fig-premium-paywall__title\">Vente Flash<\/p>\n<p class=\"fig-premium-paywall__subtitle\">4,99\u20ac par mois pendant 12 mois. Sans engagement.<\/p>\n<p class=\"fig-premium-paywall__connect\">\n                D\u00e9j\u00e0 abonn\u00e9\u00a0?                <a class=\"fig-premium-paywall__connect-link\" href=\"https:\/\/connect.lefigaro.fr\/login?client=horizon_web&amp;type=main&amp;redirect_uri=https%3A%2F%2Fwww.lefigaro.fr%2Fsports%2Ffootball%2Fpsg-inter-milan-a-paris-un-dispositif-de-securite-renforce-pour-un-week-end-a-haut-risque-20250529\" data-js-gtm=\"{&quot;customCategorie&quot;: &quot;conversion&quot;, &quot;customAction&quot;: &quot;before_Landing_Connexion_paywall_auto&quot;, &quot;customLabel&quot;: &quot;bGVmaWdhcm8uZnJfXzFmMDNhMzQyLWU5MjQtNjIzOC1hOGFjLWI3ZTM3OGNjNWJmZF9fQXJ0aWNsZQ==_PSG-Inter Milan\u00a0: \u00e0 Paris, un dispositif de s\u00e9curit\u00e9 renforc\u00e9 pour un week-end \u00e0 haut risque_430&quot;, &quot;customIDSPE&quot;: &quot;bGVmaWdhcm8uZnJfXzFmMDNhMzQyLWU5MjQtNjIzOC1hOGFjLWI3ZTM3OGNjNWJmZF9fQXJ0aWNsZQ==&quot;, &quot;event&quot;: &quot;customEventSPE&quot;}\" target=\"_blank\" rel=\"noopener\"><br \/>\n                    Connectez-vous<br \/>\n                <\/a>\n            <\/p>\n","protected":false},"excerpt":{"rendered":"Alors qu\u2019une parade est pr\u00e9vue dimanche sur les Champs-\u00c9lys\u00e9es en cas de victoire, Bruno Retailleau ne veut pas&hellip;\n","protected":false},"author":2,"featured_media":138129,"comment_status":"","ping_status":"","sticky":false,"template":"","format":"standard","meta":{"footnotes":""},"categories":[1888],"tags":[1111,1928,11,1927,454,69,448,83,451,64,1777,450,449,674,1011,27,452,453,66,446,447,12,1926,626,1925,1072,70,25,455],"class_list":{"0":"post-138128","1":"post","2":"type-post","3":"status-publish","4":"format-standard","5":"has-post-thumbnail","7":"category-paris","8":"tag-actu","9":"tag-actu-paris","10":"tag-actualites","11":"tag-actualites-paris","12":"tag-ballon-dor","13":"tag-bundesliga","14":"tag-champions-league","15":"tag-coupe-de-france","16":"tag-coupe-du-monde","17":"tag-equipe-de-france","18":"tag-eu","19":"tag-euro","20":"tag-europa-league","21":"tag-europe","22":"tag-fr","23":"tag-france","24":"tag-italie","25":"tag-liga","26":"tag-ligue-1","27":"tag-ligue-2","28":"tag-ligue-des-champions","29":"tag-news","30":"tag-news-paris","31":"tag-paris","32":"tag-paris-news","33":"tag-police","34":"tag-premier-league","35":"tag-republique-francaise","36":"tag-uefa"},"share_on_mastodon":{"url":"https:\/\/pubeurope.com\/@fr\/114594176582793166","error":""},"_links":{"self":[{"href":"https:\/\/www.europesays.com\/fr\/wp-json\/wp\/v2\/posts\/138128","targetHints":{"allow":["GET"]}}],"collection":[{"href":"https:\/\/www.europesays.com\/fr\/wp-json\/wp\/v2\/posts"}],"about":[{"href":"https:\/\/www.europesays.com\/fr\/wp-json\/wp\/v2\/types\/post"}],"author":[{"embeddable":true,"href":"https:\/\/www.europesays.com\/fr\/wp-json\/wp\/v2\/users\/2"}],"replies":[{"embeddable":true,"href":"https:\/\/www.europesays.com\/fr\/wp-json\/wp\/v2\/comments?post=138128"}],"version-history":[{"count":0,"href":"https:\/\/www.europesays.com\/fr\/wp-json\/wp\/v2\/posts\/138128\/revisions"}],"wp:featuredmedia":[{"embeddable":true,"href":"https:\/\/www.europesays.com\/fr\/wp-json\/wp\/v2\/media\/138129"}],"wp:attachment":[{"href":"https:\/\/www.europesays.com\/fr\/wp-json\/wp\/v2\/media?parent=138128"}],"wp:term":[{"taxonomy":"category","embeddable":true,"href":"https:\/\/www.europesays.com\/fr\/wp-json\/wp\/v2\/categories?post=138128"},{"taxonomy":"post_tag","embeddable":true,"href":"https:\/\/www.europesays.com\/fr\/wp-json\/wp\/v2\/tags?post=138128"}],"curies":[{"name":"wp","href":"https:\/\/api.w.org\/{rel}","templated":true}]}}