{"id":138132,"date":"2025-05-30T01:26:14","date_gmt":"2025-05-30T01:26:14","guid":{"rendered":"https:\/\/www.europesays.com\/fr\/138132\/"},"modified":"2025-05-30T01:26:14","modified_gmt":"2025-05-30T01:26:14","slug":"a-paris-sarah-jessica-parker-rehabilite-les-chaussures-fetiches-de-carrie-bradshaw","status":"publish","type":"post","link":"https:\/\/www.europesays.com\/fr\/138132\/","title":{"rendered":"\u00c0 Paris, Sarah Jessica Parker r\u00e9habilite les chaussures f\u00e9tiches de Carrie Bradshaw"},"content":{"rendered":"<p>Le 28 mai, l\u2019actrice am\u00e9ricaine \u00e9tait \u00e0 Paris pour d\u00e9voiler la troisi\u00e8me saison de \u00ab And Just Like That \u00bb . Pour l\u2019occasion, elle glissait un clin d\u2019\u0153il \u00e0 son personnage culte en arborant une paire de peep toes.<\/p>\n<p>Depuis quelques jours, un nom revient en boucle : Carrie Bradshaw. L\u2019iconique chroniqueuse new-yorkaise signe son grand retour sur les \u00e9crans ce vendredi 30 mai avec la saison 3 de \u00ab And Just Like That \u00bb, diffus\u00e9e sur HBO Max. \u00c0 cette occasion, une avant-premi\u00e8re tr\u00e8s attendue a \u00e9t\u00e9 organis\u00e9e le 28 mai au th\u00e9\u00e2tre du Lido \u00e0 Paris, o\u00f9 s\u2019est retrouv\u00e9 le casting embl\u00e9matique, dont <a href=\"https:\/\/www.elle.fr\/Personnalites\/Sarah-Jessica-Parker\" rel=\"nofollow noopener\" target=\"_blank\" data-ylk=\"slk:Sarah Jessica Parker;elm:context_link;itc:0;sec:content-canvas\" class=\"link \">Sarah Jessica Parker<\/a>. Sur le photocall, l\u2019actrice am\u00e9ricaine a gliss\u00e9 un hommage subtil \u00e0 son alter ego l\u00e9gendaire en r\u00e9habilitant <a href=\"https:\/\/www.elle.fr\/Mode\/Chaussures\/Peep-toes-ces-escarpins-retro-adoptes-par-Katie-Holmes-et-Chloe-Sevigny-seront-les-plus-pointus-de-la-saison-4350284\" rel=\"nofollow noopener\" target=\"_blank\" data-ylk=\"slk:les peep toes;elm:context_link;itc:0;sec:content-canvas\" class=\"link \">les peep toes<\/a>. Ces escarpins iconiques des ann\u00e9es 30 laissant entrevoir les orteils par une ouverture ronde et \u00e9troite, qui regagne peu \u00e0 peu leur galon mode cette saison. Modernis\u00e9e par l\u2019actrice, la paire se mariait avec une robe blanche en dentelle \u00e0 l\u2019esprit boh\u00e8me pile dans l\u2019air du temps. Une pochette noire orn\u00e9e de strass et une parure en perles venaient ponctuer cette silhouette boho-chic.<\/p>\n<p><img decoding=\"async\" class=\"caas-img caas-lazy has-preview\" alt=\"COADIC GUIREC : BESTIMAGE\" src=\"https:\/\/www.europesays.com\/fr\/wp-content\/uploads\/2025\/05\/043ef324edf82c8a27bfd20245eb3acb.jpeg\"\/><\/p>\n<p>COADIC GUIREC : BESTIMAGE<\/p>\n<p>\u00a9COADIC GUIREC \/ BESTIMAGE<\/p>\n<p>Lire aussi :\u00a0 <a href=\"https:\/\/www.elle.fr\/Mode\/La-mode-des-stars\/Les-10-indispensables-de-la-garde-robe-de-Sarah-Jessica-Parker\" rel=\"nofollow noopener\" target=\"_blank\" data-ylk=\"slk:Les 10 indispensables de la garde-robe de Sarah Jessica Parker;elm:context_link;itc:0;sec:content-canvas\" class=\"link \">Les 10 indispensables de la garde-robe de Sarah Jessica Parker<\/a><\/p>\n<p>Les peep shoes : la signature r\u00e9tro de Carrie Bradshaw<\/p>\n<p>Chez Carrie Bradshaw, l\u2019amour des chaussures est une \u00e9vidence. Parmi ses signatures stylistiques, les peep toes occupent une place de choix. Qui pourrait oublier sa paire argent\u00e9e Manolo Blahnik, orn\u00e9e d\u2019une boucle en strass, vol\u00e9e lors d\u2019une baby shower dans l\u2019\u00e9pisode 9 de la saison 6 de\u00ab Sex and the City \u00bb ? Sarah Jessica Parker perp\u00e9tue cette signature&#8230;<\/p>\n<p><a href=\"https:\/\/www.elle.fr\/Mode\/La-mode-des-stars\/A-Paris-Sarah-Jessica-Parker-rehabilite-les-chaussures-fetiches-de-Carrie-Bradshaw-4350649#xtor=AL-540\" rel=\"nofollow noopener\" target=\"_blank\" data-ylk=\"slk:Lire la suite de l&#039;article sur Elle.fr;elm:context_link;itc:0;sec:content-canvas\" class=\"link \">Lire la suite de l&rsquo;article sur Elle.fr<\/a><\/p>\n<p>A lire aussi<\/p>\n","protected":false},"excerpt":{"rendered":"Le 28 mai, l\u2019actrice am\u00e9ricaine \u00e9tait \u00e0 Paris pour d\u00e9voiler la troisi\u00e8me saison de \u00ab And Just Like&hellip;\n","protected":false},"author":2,"featured_media":138133,"comment_status":"","ping_status":"","sticky":false,"template":"","format":"standard","meta":{"footnotes":""},"categories":[1888],"tags":[11,26472,26470,1777,674,1011,27,14164,12,626,25,26471],"class_list":{"0":"post-138132","1":"post","2":"type-post","3":"status-publish","4":"format-standard","5":"has-post-thumbnail","7":"category-paris","8":"tag-actualites","9":"tag-and-just-like-that","10":"tag-carrie-bradshaw","11":"tag-eu","12":"tag-europe","13":"tag-fr","14":"tag-france","15":"tag-lactrice","16":"tag-news","17":"tag-paris","18":"tag-republique-francaise","19":"tag-sarah-jessica-parker"},"share_on_mastodon":{"url":"https:\/\/pubeurope.com\/@fr\/114594184197126974","error":""},"_links":{"self":[{"href":"https:\/\/www.europesays.com\/fr\/wp-json\/wp\/v2\/posts\/138132","targetHints":{"allow":["GET"]}}],"collection":[{"href":"https:\/\/www.europesays.com\/fr\/wp-json\/wp\/v2\/posts"}],"about":[{"href":"https:\/\/www.europesays.com\/fr\/wp-json\/wp\/v2\/types\/post"}],"author":[{"embeddable":true,"href":"https:\/\/www.europesays.com\/fr\/wp-json\/wp\/v2\/users\/2"}],"replies":[{"embeddable":true,"href":"https:\/\/www.europesays.com\/fr\/wp-json\/wp\/v2\/comments?post=138132"}],"version-history":[{"count":0,"href":"https:\/\/www.europesays.com\/fr\/wp-json\/wp\/v2\/posts\/138132\/revisions"}],"wp:featuredmedia":[{"embeddable":true,"href":"https:\/\/www.europesays.com\/fr\/wp-json\/wp\/v2\/media\/138133"}],"wp:attachment":[{"href":"https:\/\/www.europesays.com\/fr\/wp-json\/wp\/v2\/media?parent=138132"}],"wp:term":[{"taxonomy":"category","embeddable":true,"href":"https:\/\/www.europesays.com\/fr\/wp-json\/wp\/v2\/categories?post=138132"},{"taxonomy":"post_tag","embeddable":true,"href":"https:\/\/www.europesays.com\/fr\/wp-json\/wp\/v2\/tags?post=138132"}],"curies":[{"name":"wp","href":"https:\/\/api.w.org\/{rel}","templated":true}]}}