{"id":138148,"date":"2025-05-30T01:34:11","date_gmt":"2025-05-30T01:34:11","guid":{"rendered":"https:\/\/www.europesays.com\/fr\/138148\/"},"modified":"2025-05-30T01:34:11","modified_gmt":"2025-05-30T01:34:11","slug":"vainqueur-ou-vaincu-pourquoi-le-psg-touchera-le-jackpot","status":"publish","type":"post","link":"https:\/\/www.europesays.com\/fr\/138148\/","title":{"rendered":"vainqueur ou vaincu, pourquoi le PSG touchera le jackpot"},"content":{"rendered":"<p>Peu importe l\u2019issue de la finale de Ligue des champions, samedi, contre l\u2019Inter Milan, le Paris SG a d\u00e9j\u00e0 r\u00e9ussi sa campagne sur le plan financier. Avec un joli ch\u00e8que \u00e0 la cl\u00e9.<\/p>\n<p class=\"fig-paragraph\">Si, des dirigeants aux joueurs, en passant par les supporteurs, cette finale de\u00a0<a href=\"http:\/\/www.lefigaro.fr\/sports\/football\/ligue-des-champions\/debat-le-psg-realise-t-il-deja-la-meilleure-saison-de-son-histoire-20250528\" data-fig-type=\"NewsFlash\" data-gtm-custom-categorie=\"navigation\" data-gtm-custom-action=\"crossclick\" data-gtm-custom-label=\"Contextuel\" data-gtm-event=\"customEventSPE\" data-fig-domain=\"LEFIGARO\" target=\"_blank\" rel=\"noopener\">Ligue des champions<\/a>\u00a0face \u00e0 l\u2019Inter Milan hante les esprits parisiens depuis des semaines, les financiers du\u00a0<a href=\"http:\/\/www.lefigaro.fr\/sports\/football\/ligue-des-champions\/une-vraie-equipe-de-foot-et-plus-une-equipe-de-cirque-comment-le-psg-est-percu-par-l-europe-du-football-20250528\" data-fig-type=\"NewsFlash\" data-gtm-custom-categorie=\"navigation\" data-gtm-custom-action=\"crossclick\" data-gtm-custom-label=\"Contextuel\" data-gtm-event=\"customEventSPE\" data-fig-domain=\"LEFIGARO\" target=\"_blank\" rel=\"noopener\">PSG<\/a>\u00a0ont l\u2019esprit plus tranquille. Quoi qu\u2019il se passe \u00e0 Munich, le parcours magnifique des hommes de Luis Enrique est d\u2019ores et d\u00e9j\u00e0 une vraie r\u00e9ussite aussi sur le plan \u00e9conomique. Le jackpot est assur\u00e9. Dans les grandes largeurs. Pour sa campagne 2024-2025, le Paris SG est certain de percevoir 138\u00a0millions d\u2019euros (hors billetterie) par l\u2019UEFA en cas de d\u00e9faite contre le club italien.<\/p>\n<p class=\"fig-body-link\">\n            \u00c0 lire aussi<br \/>\n        <a class=\"fig-body-link__link fig-premium-mark\" href=\"http:\/\/www.lefigaro.fr\/sports\/football\/ligue-des-champions\/antoine-kombouare-avant-psg-inter-milan-paris-est-un-rouleau-compresseur-ca-n-arrete-jamais-ca-vous-detruit-le-mental-20250528\" data-fig-type=\"NewsFlash\" data-gtm-custom-categorie=\"navigation\" data-gtm-custom-action=\"crossclick\" data-gtm-custom-label=\"Contextuel\" data-gtm-event=\"customEventSPE\" data-fig-domain=\"LEFIGARO\" target=\"_blank\" rel=\"noopener\">Antoine Kombouar\u00e9 au Figaro avant PSG-Inter Milan\u00a0: \u00ab\u00a0Paris est un rouleau compresseur, \u00e7a n\u2019arr\u00eate jamais, \u00e7a vous d\u00e9truit le mental\u00a0\u00bb<br \/>\n    <\/a>\n<\/p>\n<p class=\"fig-paragraph\">Si les prot\u00e9g\u00e9s de Nasser al-Khela\u00effi avaient la bonne id\u00e9e de d\u00e9crocher la timbale et de devenir le deuxi\u00e8me club fran\u00e7ais, apr\u00e8s l\u2019OM, \u00e0 inscrire son nom au palmar\u00e8s de la plus grande comp\u00e9tition de clubs du Vieux Continent, un ch\u00e8que de 149,5\u00a0millions d\u2019euros est pr\u00e9vu. Dans le d\u00e9tail, la prime de victoire en finale de C1 est fix\u00e9e \u00e0 6,50\u00a0M\u20ac par l\u2019instance europ\u00e9enne et une prime de participation \u00e0 la Supercoupe de l\u2019UEFA\u2026<\/p>\n<p class=\"fig-premium-paywall__infos\">\n        Cet article est r\u00e9serv\u00e9 aux abonn\u00e9s.        Il vous reste 58% \u00e0 d\u00e9couvrir.\n    <\/p>\n<p>                <img  data- alt=\"Le Figaro\" class=\"fig-img--complete fig-img\"\/><\/p>\n<p class=\"fig-premium-paywall__title\">Vente Flash<\/p>\n<p class=\"fig-premium-paywall__subtitle\">4,99\u20ac par mois pendant 12 mois. Sans engagement.<\/p>\n<p class=\"fig-premium-paywall__connect\">\n                D\u00e9j\u00e0 abonn\u00e9\u00a0?                <a class=\"fig-premium-paywall__connect-link\" href=\"https:\/\/connect.lefigaro.fr\/login?client=horizon_web&amp;type=main&amp;redirect_uri=https%3A%2F%2Fwww.lefigaro.fr%2Fsports%2Ffootball%2Fligue-des-champions%2Fligue-des-champions-vainqueur-ou-vaincu-pourquoi-le-psg-touchera-le-jackpot-20250529\" data-js-gtm=\"{&quot;customCategorie&quot;: &quot;conversion&quot;, &quot;customAction&quot;: &quot;before_Landing_Connexion_paywall_auto&quot;, &quot;customLabel&quot;: &quot;bGVmaWdhcm8uZnJfXzFmMDNjNmZjLTBhMzAtNjk3Yy05NTkzLTNmYjljOTI1MzY1OV9fQXJ0aWNsZQ==_Ligue des champions: vainqueur ou vaincu, pourquoi le PSG touchera le jackpot_423&quot;, &quot;customIDSPE&quot;: &quot;bGVmaWdhcm8uZnJfXzFmMDNjNmZjLTBhMzAtNjk3Yy05NTkzLTNmYjljOTI1MzY1OV9fQXJ0aWNsZQ==&quot;, &quot;event&quot;: &quot;customEventSPE&quot;}\" target=\"_blank\" rel=\"noopener\"><br \/>\n                    Connectez-vous<br \/>\n                <\/a>\n            <\/p>\n","protected":false},"excerpt":{"rendered":"Peu importe l\u2019issue de la finale de Ligue des champions, samedi, contre l\u2019Inter Milan, le Paris SG a&hellip;\n","protected":false},"author":2,"featured_media":138149,"comment_status":"","ping_status":"","sticky":false,"template":"","format":"standard","meta":{"footnotes":""},"categories":[2],"tags":[11,4791,786,525,448,1981,1089,814,2257,63,1011,27,2705,447,1307,3490,955,11486,12,4589,4789,93,4790,25,1980,455],"class_list":{"0":"post-138148","1":"post","2":"type-post","3":"status-publish","4":"format-standard","5":"has-post-thumbnail","7":"category-actualites","8":"tag-actualites","9":"tag-barcelone","10":"tag-c1","11":"tag-calendrier","12":"tag-champions-league","13":"tag-classement","14":"tag-coupe-deurope","15":"tag-direct","16":"tag-foot","17":"tag-football","18":"tag-fr","19":"tag-france","20":"tag-groupe","21":"tag-ligue-des-champions","22":"tag-lille","23":"tag-liverpool","24":"tag-match","25":"tag-nasser-al-khelaifi","26":"tag-news","27":"tag-phase-finale","28":"tag-poule","29":"tag-psg","30":"tag-real-madrid","31":"tag-republique-francaise","32":"tag-resultats","33":"tag-uefa"},"share_on_mastodon":{"url":"https:\/\/pubeurope.com\/@fr\/114594215620022906","error":""},"_links":{"self":[{"href":"https:\/\/www.europesays.com\/fr\/wp-json\/wp\/v2\/posts\/138148","targetHints":{"allow":["GET"]}}],"collection":[{"href":"https:\/\/www.europesays.com\/fr\/wp-json\/wp\/v2\/posts"}],"about":[{"href":"https:\/\/www.europesays.com\/fr\/wp-json\/wp\/v2\/types\/post"}],"author":[{"embeddable":true,"href":"https:\/\/www.europesays.com\/fr\/wp-json\/wp\/v2\/users\/2"}],"replies":[{"embeddable":true,"href":"https:\/\/www.europesays.com\/fr\/wp-json\/wp\/v2\/comments?post=138148"}],"version-history":[{"count":0,"href":"https:\/\/www.europesays.com\/fr\/wp-json\/wp\/v2\/posts\/138148\/revisions"}],"wp:featuredmedia":[{"embeddable":true,"href":"https:\/\/www.europesays.com\/fr\/wp-json\/wp\/v2\/media\/138149"}],"wp:attachment":[{"href":"https:\/\/www.europesays.com\/fr\/wp-json\/wp\/v2\/media?parent=138148"}],"wp:term":[{"taxonomy":"category","embeddable":true,"href":"https:\/\/www.europesays.com\/fr\/wp-json\/wp\/v2\/categories?post=138148"},{"taxonomy":"post_tag","embeddable":true,"href":"https:\/\/www.europesays.com\/fr\/wp-json\/wp\/v2\/tags?post=138148"}],"curies":[{"name":"wp","href":"https:\/\/api.w.org\/{rel}","templated":true}]}}