{"id":138156,"date":"2025-05-30T01:39:12","date_gmt":"2025-05-30T01:39:12","guid":{"rendered":"https:\/\/www.europesays.com\/fr\/138156\/"},"modified":"2025-05-30T01:39:12","modified_gmt":"2025-05-30T01:39:12","slug":"u19-jeff-marin-cest-une-grande-fierte-pour-le-vaucluse-et-la-provence-rugby-a-xiii","status":"publish","type":"post","link":"https:\/\/www.europesays.com\/fr\/138156\/","title":{"rendered":"U19 &#8211; Jeff Marin : \u00ab\u00a0C&rsquo;est une grande fiert\u00e9 pour le Vaucluse et la Provence\u00a0\u00bb &#8211; Rugby \u00e0 XIII"},"content":{"rendered":"<p style=\"text-align: justify;\"><strong>Jeff Marin, entraineur de l\u2019UTV, revient sur la saison et fait un retour sur la finale gagn\u00e9e en U19 Elite.<\/strong><\/p>\n<blockquote>\n<p style=\"text-align: justify;\">C\u2019est une saison assez compliqu\u00e9e que nous avons v\u00e9cu car il a fallu rassembler des joueurs issus des deux clubs et convaincre certains de nous rejoindre dans l\u2019aventure. Nous sommes satisfaits car de match en match, nous avons progress\u00e9 et construit un groupe solidaire. En gagnant une douzaine de matchs, nous avons pu nous qualifier pour les phases finales. Pendant la saison r\u00e9guli\u00e8re, nous n\u2019avons pas pu disposer de tous nos U19 car ils jouaient en premi\u00e8re que ce soit \u00e0 Carpentras ou Avignon.<\/p>\n<p style=\"text-align: justify;\">Nous avons r\u00e9ussi \u00e0 \u00e9liminer les deux grosses \u00e9quipes du championnat en phases finales, Toulouse, r\u00e9cent vainqueur de Coupe, et l\u2019UTC. Donc, nous \u00e9tions favoris pour cette finale et je pense que nous n\u2019avons pas fait notre meilleur match \u00e0 cause de l\u2019enjeu, s\u00fbrement un peu de pression, nous avons fait beaucoup de fautes et nous nous sommes compliqu\u00e9s la t\u00e2che. Pendant notre temps faible, nous avons m\u00eame craint de se faire rejoindre au score, mais le retour de notre carton jaune a \u00e9t\u00e9 le moment de notre r\u00e9veil.<\/p>\n<p style=\"text-align: justify;\">Il faut f\u00e9liciter l\u2019\u00e9quipe de L\u00e9zignan car ils ont bien r\u00e9ussi \u00e0 jouer sur nos lacunes et contourner notre bloc milieu. C\u2019est une \u00e9quipe jeune et je suis certain qu\u2019ils feront une tr\u00e8s belle saison l\u2019ann\u00e9e prochaine et joueront sans probl\u00e8me les premiers r\u00f4les. Tout le groupe est \u00e0 f\u00e9liciter et en particulier ceux qui n\u2019ont pas \u00e9t\u00e9 retenus pour les phases finales car c\u2019est gr\u00e2ce \u00e0 l\u2019ensemble du groupe que nous nous sommes qualifi\u00e9s et le titre et aussi et surtout le leur\u2026<\/p>\n<p style=\"text-align: justify;\">C\u2019est une grande fiert\u00e9 pour le Vaucluse et la Provence, car beaucoup de joueurs sont issus de tous ces clubs. Apr\u00e8s le titre de Salon en juniors nationaux et le n\u00f4tre, nous prouvons encore une fois que nous sommes une r\u00e9gion formatrice.<\/p>\n<\/blockquote>\n","protected":false},"excerpt":{"rendered":"Jeff Marin, entraineur de l\u2019UTV, revient sur la saison et fait un retour sur la finale gagn\u00e9e en&hellip;\n","protected":false},"author":2,"featured_media":138157,"comment_status":"","ping_status":"","sticky":false,"template":"","format":"standard","meta":{"footnotes":""},"categories":[1416],"tags":[1011,27,26473,479,2228,1468,2229,60,3251,26474],"class_list":{"0":"post-138156","1":"post","2":"type-post","3":"status-publish","4":"format-standard","5":"has-post-thumbnail","7":"category-rugby","8":"tag-fr","9":"tag-france","10":"tag-jeff-marin","11":"tag-rugby","12":"tag-rugby-a-xiii","13":"tag-rugby-football","14":"tag-rugby-league","15":"tag-sports","16":"tag-u19","17":"tag-utv"},"share_on_mastodon":{"url":"https:\/\/pubeurope.com\/@fr\/114594235292742677","error":""},"_links":{"self":[{"href":"https:\/\/www.europesays.com\/fr\/wp-json\/wp\/v2\/posts\/138156","targetHints":{"allow":["GET"]}}],"collection":[{"href":"https:\/\/www.europesays.com\/fr\/wp-json\/wp\/v2\/posts"}],"about":[{"href":"https:\/\/www.europesays.com\/fr\/wp-json\/wp\/v2\/types\/post"}],"author":[{"embeddable":true,"href":"https:\/\/www.europesays.com\/fr\/wp-json\/wp\/v2\/users\/2"}],"replies":[{"embeddable":true,"href":"https:\/\/www.europesays.com\/fr\/wp-json\/wp\/v2\/comments?post=138156"}],"version-history":[{"count":0,"href":"https:\/\/www.europesays.com\/fr\/wp-json\/wp\/v2\/posts\/138156\/revisions"}],"wp:featuredmedia":[{"embeddable":true,"href":"https:\/\/www.europesays.com\/fr\/wp-json\/wp\/v2\/media\/138157"}],"wp:attachment":[{"href":"https:\/\/www.europesays.com\/fr\/wp-json\/wp\/v2\/media?parent=138156"}],"wp:term":[{"taxonomy":"category","embeddable":true,"href":"https:\/\/www.europesays.com\/fr\/wp-json\/wp\/v2\/categories?post=138156"},{"taxonomy":"post_tag","embeddable":true,"href":"https:\/\/www.europesays.com\/fr\/wp-json\/wp\/v2\/tags?post=138156"}],"curies":[{"name":"wp","href":"https:\/\/api.w.org\/{rel}","templated":true}]}}