{"id":138158,"date":"2025-05-30T01:40:11","date_gmt":"2025-05-30T01:40:11","guid":{"rendered":"https:\/\/www.europesays.com\/fr\/138158\/"},"modified":"2025-05-30T01:40:11","modified_gmt":"2025-05-30T01:40:11","slug":"roland-garros-le-plus-derangeant-ou-lun-des-meilleurs-le-public-francais-divise-les-joueurs","status":"publish","type":"post","link":"https:\/\/www.europesays.com\/fr\/138158\/","title":{"rendered":"Roland-Garros : \u00ab\u00a0le plus d\u00e9rangeant\u00a0\u00bb ou \u00ab\u00a0l&rsquo;un des meilleurs\u00a0\u00bb, le public fran\u00e7ais divise les joueurs"},"content":{"rendered":"<p>Plusieurs adversaires de joueurs fran\u00e7ais se plaignent du public lors de ce Roland-Garros.Arthur Fils, qui a puis\u00e9 sa qualification au troisi\u00e8me tour parmi les encouragements de ses supporters, n&rsquo;est pas du m\u00eame avis.<\/p>\n<p data-module=\"article-paragraph\" class=\"jsx-362436225 Paragraph Paragraph__End\">C&rsquo;est un acteur qui ne laisse personne indiff\u00e9rent. Chaque ann\u00e9e, le public <a href=\"https:\/\/www.tf1info.fr\/sport\/en-images-le-vibrant-hommage-de-roland-garros-a-rafael-nadal-vainqueur-14-fois-a-paris-2372995.html\" target=\"_blank\" rel=\"noopener\">de Roland-Garros<\/a> encourage les Fran\u00e7ais, quitte \u00e0 se mettre \u00e0 dos leurs adversaires internationaux. L&rsquo;\u00e9dition 2025 n&rsquo;\u00e9chappe pas \u00e0 la r\u00e8gle. Ce jeudi 29 mai, \u00e0 l&rsquo;issue d&rsquo;un combat de plus de quatre heures, le Tricolore Arthur Fils a pris le meilleur sur l&rsquo;Espagnol Jaume Munar en cinq sets (7-6, 7-6, 2-6, 0-6, 6-4), \u00e0 l&rsquo;occasion du deuxi\u00e8me tour. Mais au-del\u00e0 du match de tennis, c&rsquo;est bien l&rsquo;attitude du public pr\u00e9sent sur le court Suzanne-Lenglen qui s&rsquo;est invit\u00e9e dans les discussions devant la presse.<\/p>\n<blockquote class=\"jsx-2786790838 Quote__Text\"><p>\u00c7a ressemble \u00e0 du th\u00e9\u00e2tre<\/p><\/blockquote>\n<p>Jaume Munar<\/p>\n<p data-module=\"article-paragraph\" class=\"jsx-362436225 Paragraph\">\u00ab\u00a0Je vais \u00eatre tr\u00e8s clair sur le sujet du public, et je ne vais pas m\u00e2cher mes mots\u00a0\u00bb, a pr\u00e9venu d&rsquo;entr\u00e9e Jaume Munar. \u00ab\u00a0Qu&rsquo;ils encouragent l&rsquo;autre joueur, qu&rsquo;ils crient, je suis habitu\u00e9. (&#8230;) Mais ce que je consid\u00e8re comme un manque total de respect &#8211; et ici, \u00e7a arrive souvent &#8211; c&rsquo;est le fait qu&rsquo;ils chantent sans arr\u00eat, qu&rsquo;ils interrompent continuellement. Et au final, cela emp\u00eache le jeu d&rsquo;avancer. \u00c7a ne doit pas ressembler \u00e0 un cirque. Et parfois, ici, \u00e7a ressemble \u00e0 du th\u00e9\u00e2tre.\u00a0\u00bb<\/p>\n<p data-module=\"article-paragraph\" class=\"jsx-362436225 Paragraph Paragraph__End\">\u00ab\u00a0\u00c0 un moment du match, quand la tension monte, ils chantent l&rsquo;hymne, ils t&#8217;emp\u00eachent de servir. Entre les services, ils disent des b\u00eatises juste pour d\u00e9ranger\u00a0\u00bb, a poursuivi l&rsquo;Espagnol de 28 ans. D&rsquo;apr\u00e8s lui, le public de Roland-Garros est ainsi \u00ab\u00a0le plus d\u00e9rangeant, tr\u00e8s clairement\u00a0\u00bb, en comparaison aux autres tournois. \u00ab\u00a0Le drapeau p\u00e8se trop lourd, \u00e0 mon avis. Il serait bien d&rsquo;apaiser un peu l&rsquo;ambiance pour laisser le jeu se d\u00e9rouler plus normalement.\u00a0\u00bb<\/p>\n<blockquote class=\"jsx-2786790838 Quote__Text\"><p>Quand on va en Australie, des mecs te hurlent dans les oreilles pendant trois, quatre heures<\/p><\/blockquote>\n<p>Arthur Fils<\/p>\n<p data-module=\"article-paragraph\" class=\"jsx-362436225 Paragraph\">Un avis pas franchement partag\u00e9 par le vainqueur de la rencontre, Arthur Fils, qui a pu compter sur le public pour renverser une partie tr\u00e8s mal embarqu\u00e9e dans les troisi\u00e8me et quatri\u00e8me sets. \u00ab\u00a0Quand tu vois le public qui est au foot, ici, ce n&rsquo;est rien\u00a0\u00bb, a temp\u00e9r\u00e9 le Fran\u00e7ais de 20 ans. \u00ab\u00a0L&rsquo;atmosph\u00e8re est dingue, mais \u00e7a va, c&rsquo;est du tennis. C&rsquo;est s\u00fbr qu&rsquo;ils font un peu de bruit avant de servir, c&rsquo;est toujours un peu aga\u00e7ant pour l&rsquo;adversaire. Mais il faut faire avec, il n&rsquo;y a pas le choix.\u00a0\u00bb<\/p>\n<p data-module=\"article-paragraph\" class=\"jsx-362436225 Paragraph Paragraph__End\">Lui estime surtout que les Fran\u00e7ais vivent la m\u00eame situation lorsqu&rsquo;ils jouent \u00e0 l&rsquo;\u00e9tranger. \u00ab\u00a0Quand je suis all\u00e9 au Br\u00e9sil et que j&rsquo;ai jou\u00e9 Fonseca, je ne me suis pas plaint du public. Quand on va en Australie et qu&rsquo;on joue des Australiens, ou \u00e0 New York des Am\u00e9ricains, des mecs te hurlent dans les oreilles pendant trois, quatre heures. Qu&rsquo;est-ce que tu veux faire ? Tu ne vas pas te plaindre\u00a0\u00bb, a-t-il continu\u00e9. \u00ab\u00a0Moi, je pense que le public fran\u00e7ais, c&rsquo;est l&rsquo;un des meilleurs. Si ce n&rsquo;est le meilleur.\u00a0\u00bb<\/p>\n<ul class=\"jsx-3657663356 ReadMoreArticle__List flex flex-column\">\n<li class=\"jsx-3657663356\"><a href=\"https:\/\/www.tf1info.fr\/sport\/roland-garros-2025-richard-gasquet-s-incline-au-2e-tour-une-defaite-synonyme-de-retraite-pour-le-francais-2373843.html\" rel=\"noopener\" class=\"jsx-4233824444 Link flex\" target=\"_blank\"><img decoding=\"async\" src=\"https:\/\/www.europesays.com\/fr\/wp-content\/uploads\/2025\/05\/richard-gasquet-roland-garros-2025-29a2a8-0@1x.jpeg\" alt=\"Richard Gasquet, le 29 mai 2025, \u00e0 Roland-Garros.\" loading=\"lazy\" importance=\"low\" fetchpriority=\"low\" class=\"\"\/>\n<p class=\"jsx-3657663356 ReadMoreArticle__Title\">Lire aussi<\/p>\n<p class=\"jsx-3657663356\">Roland-Garros 2025 : Richard Gasquet s&rsquo;incline au 2\u1d49 tour, une d\u00e9faite synonyme de retraite pour le Fran\u00e7ais <\/p>\n<p><\/a><\/li>\n<\/ul>\n<p data-module=\"article-paragraph\" class=\"jsx-362436225 Paragraph Paragraph__End\">L&rsquo;ambiance \u00e9lectrique lors des matchs des Fran\u00e7ais n&rsquo;a pas fini de faire parler. Avant Jaume Munar, c&rsquo;est le Serbe Miomir Kecmanovic, battu par le Tricolore Quentin Halys mercredi (4-6, 6-3, 7-6, 7-5), qui n&rsquo;avait pas masqu\u00e9 son agacement. \u00ab\u00a0L&rsquo;ambiance \u00e9tait horrible pour jouer, c&rsquo;\u00e9tait une sensation affreuse\u00a0\u00bb, avait-il regrett\u00e9, selon des propos rapport\u00e9s par SportKlub. \u00ab\u00a0On m&rsquo;a crach\u00e9 dessus. C&rsquo;est un joueur local en face, je comprends, pas de probl\u00e8me avec \u00e7a. Mais l\u00e0, c&rsquo;est ind\u00e9cent.\u00a0\u00bb<\/p>\n<p>Id\u00e8r NABILI<\/p>\n","protected":false},"excerpt":{"rendered":"Plusieurs adversaires de joueurs fran\u00e7ais se plaignent du public lors de ce Roland-Garros.Arthur Fils, qui a puis\u00e9 sa&hellip;\n","protected":false},"author":2,"featured_media":138159,"comment_status":"","ping_status":"","sticky":false,"template":"","format":"standard","meta":{"footnotes":""},"categories":[1415],"tags":[1111,11,1921,1011,27,1922,626,4171,60,1467,133,4712],"class_list":{"0":"post-138158","1":"post","2":"type-post","3":"status-publish","4":"format-standard","5":"has-post-thumbnail","7":"category-tennis","8":"tag-actu","9":"tag-actualites","10":"tag-article-video","11":"tag-fr","12":"tag-france","13":"tag-info","14":"tag-paris","15":"tag-roland-garros","16":"tag-sports","17":"tag-tennis","18":"tag-video","19":"tag-video-sports"},"share_on_mastodon":{"url":"https:\/\/pubeurope.com\/@fr\/114594239161560066","error":""},"_links":{"self":[{"href":"https:\/\/www.europesays.com\/fr\/wp-json\/wp\/v2\/posts\/138158","targetHints":{"allow":["GET"]}}],"collection":[{"href":"https:\/\/www.europesays.com\/fr\/wp-json\/wp\/v2\/posts"}],"about":[{"href":"https:\/\/www.europesays.com\/fr\/wp-json\/wp\/v2\/types\/post"}],"author":[{"embeddable":true,"href":"https:\/\/www.europesays.com\/fr\/wp-json\/wp\/v2\/users\/2"}],"replies":[{"embeddable":true,"href":"https:\/\/www.europesays.com\/fr\/wp-json\/wp\/v2\/comments?post=138158"}],"version-history":[{"count":0,"href":"https:\/\/www.europesays.com\/fr\/wp-json\/wp\/v2\/posts\/138158\/revisions"}],"wp:featuredmedia":[{"embeddable":true,"href":"https:\/\/www.europesays.com\/fr\/wp-json\/wp\/v2\/media\/138159"}],"wp:attachment":[{"href":"https:\/\/www.europesays.com\/fr\/wp-json\/wp\/v2\/media?parent=138158"}],"wp:term":[{"taxonomy":"category","embeddable":true,"href":"https:\/\/www.europesays.com\/fr\/wp-json\/wp\/v2\/categories?post=138158"},{"taxonomy":"post_tag","embeddable":true,"href":"https:\/\/www.europesays.com\/fr\/wp-json\/wp\/v2\/tags?post=138158"}],"curies":[{"name":"wp","href":"https:\/\/api.w.org\/{rel}","templated":true}]}}