{"id":138174,"date":"2025-05-30T01:50:09","date_gmt":"2025-05-30T01:50:09","guid":{"rendered":"https:\/\/www.europesays.com\/fr\/138174\/"},"modified":"2025-05-30T01:50:09","modified_gmt":"2025-05-30T01:50:09","slug":"vanessa-paradis-letonnant-aveu-de-miley-cyrus-a-son-sujet","status":"publish","type":"post","link":"https:\/\/www.europesays.com\/fr\/138174\/","title":{"rendered":"Vanessa Paradis : l\u2019\u00e9tonnant aveu de Miley Cyrus \u00e0 son sujet"},"content":{"rendered":"<p>      R\u00e9sum\u00e9<\/p>\n<p>Miley Cyrus a r\u00e9v\u00e9l\u00e9 que Vanessa Paradis a \u00e9t\u00e9 une source majeure d&rsquo;inspiration pour son album Endless Summer Vacation et son tube Flowers.<\/p>\n<p>        Sommaire<\/p>\n<p>En 2023, <strong>Miley Cyrus<\/strong> faisait un retour fracassant avec son tube Flowers. <a href=\"https:\/\/www.public.fr\/diaporamas\/miley-cyrus-a-26-ans-aujourd-hui-retour-son-grand-changement-de-style\" target=\"_blank\" rel=\"noopener\">Apr\u00e8s des ann\u00e9es d&rsquo;absence<\/a>, la chanteuse \u00e9tait de retour avec un tube estival, acclam\u00e9 par les critiques \u00e0 l&rsquo;internationale, et vu pr\u00e8s de 300 millions de fois sur YouTube. Ce jeudi 29 mai, <strong>la star am\u00e9ricaine a fait une belle surprise aux auditeurs de NRJ<\/strong>, en acceptant l&rsquo;invitation de Camille Combal.<\/p>\n<p>Interview\u00e9e \u00e0 distance par l&rsquo;animateur de <a href=\"https:\/\/www.public.fr\/mask-singer-pierre-palmade-au-plus-mal-lhumoriste-a-vomi-dans-son-casque-de-cosmonaute\" target=\"_blank\" rel=\"noopener\">Mask Singer<\/a>, la chanteuse de 32 ans a livr\u00e9 de belles anecdotes sur sa carri\u00e8re. Et si Miley Cyrus en est l\u00e0 aujourd&rsquo;hui, c&rsquo;est tr\u00e8s certainement gr\u00e2ce \u00e0 une actrice et chanteuse fran\u00e7aise qui l&rsquo;a beaucoup influenc\u00e9e&#8230; En effet, comme elle l&rsquo;a d\u00e9voil\u00e9 \u00e0 Camille Combal, <strong>Miley Cyrus a regard\u00e9 de pr\u00e8s la carri\u00e8re et le style artistique de Vanessa Paradis<\/strong>, et s&rsquo;en est impr\u00e9gn\u00e9e.<\/p>\n<p>Miley Cyrus doit beaucoup \u00e0 Vanessa Paradis<\/p>\n<p><strong>\u00ab\u00a0Vanessa Paradis \u00e9tait une tr\u00e8s grande inspiration pour mon album Endless Summer Vacation\u00a0\u00bb<\/strong> a confess\u00e9 Miley Cyrus. La chanteuse a lou\u00e9 tout le professionnalisme de la chanteuse fran\u00e7aise, r\u00e9v\u00e9l\u00e9e tr\u00e8s t\u00f4t par le tube Joe le taxi au milieu des ann\u00e9es 1980. <strong>\u00ab\u00a0Je ne sais pas si j&rsquo;aurais pu \u00e9crire Flowers sans son influence\u00a0\u00bb <\/strong>a-t-elle poursuivi. Une jolie cons\u00e9cration pour l&rsquo;ex-femme de Johnny Depp, qui s&rsquo;appr\u00eate d&rsquo;autant plus \u00e0 faire son grand retour dans les charts.<\/p>\n<p>En effet, sept ans apr\u00e8s son dernier album, <a href=\"https:\/\/vsd.fr\/81331-vanessa-paradis-son-nouveau-projet-entouree-de-ses-enfants\/\" target=\"_blank\" rel=\"noopener\">Vanessa Paradis peaufine avec \u00c9tienne Daho son retour<\/a>. Sept ans apr\u00e8s Les sources et pr\u00e8s de vingt ans apr\u00e8s Divinidylle, l&rsquo;\u00e9pouse de Samuel Benchetrit <strong>va faire son grand retour<\/strong> avec celui avec lequel elle partage une profonde amiti\u00e9 et relation professionnelle depuis plus de trente ans.<\/p>\n<p>      Mentionn\u00e9s dans cet article<\/p>\n<p>\u00c0 lire aussi<\/p>\n","protected":false},"excerpt":{"rendered":"R\u00e9sum\u00e9 Miley Cyrus a r\u00e9v\u00e9l\u00e9 que Vanessa Paradis a \u00e9t\u00e9 une source majeure d&rsquo;inspiration pour son album Endless&hellip;\n","protected":false},"author":2,"featured_media":138175,"comment_status":"","ping_status":"","sticky":false,"template":"","format":"standard","meta":{"footnotes":""},"categories":[1355],"tags":[193,1695,58,59,1011,27,25476,1361,873,10245],"class_list":{"0":"post-138174","1":"post","2":"type-post","3":"status-publish","4":"format-standard","5":"has-post-thumbnail","7":"category-musique","8":"tag-camille-combal","9":"tag-chanson","10":"tag-divertissement","11":"tag-entertainment","12":"tag-fr","13":"tag-france","14":"tag-miley-cyrus","15":"tag-music","16":"tag-musique","17":"tag-vanessa-paradis"},"share_on_mastodon":{"url":"https:\/\/pubeurope.com\/@fr\/114594278456830864","error":""},"_links":{"self":[{"href":"https:\/\/www.europesays.com\/fr\/wp-json\/wp\/v2\/posts\/138174","targetHints":{"allow":["GET"]}}],"collection":[{"href":"https:\/\/www.europesays.com\/fr\/wp-json\/wp\/v2\/posts"}],"about":[{"href":"https:\/\/www.europesays.com\/fr\/wp-json\/wp\/v2\/types\/post"}],"author":[{"embeddable":true,"href":"https:\/\/www.europesays.com\/fr\/wp-json\/wp\/v2\/users\/2"}],"replies":[{"embeddable":true,"href":"https:\/\/www.europesays.com\/fr\/wp-json\/wp\/v2\/comments?post=138174"}],"version-history":[{"count":0,"href":"https:\/\/www.europesays.com\/fr\/wp-json\/wp\/v2\/posts\/138174\/revisions"}],"wp:featuredmedia":[{"embeddable":true,"href":"https:\/\/www.europesays.com\/fr\/wp-json\/wp\/v2\/media\/138175"}],"wp:attachment":[{"href":"https:\/\/www.europesays.com\/fr\/wp-json\/wp\/v2\/media?parent=138174"}],"wp:term":[{"taxonomy":"category","embeddable":true,"href":"https:\/\/www.europesays.com\/fr\/wp-json\/wp\/v2\/categories?post=138174"},{"taxonomy":"post_tag","embeddable":true,"href":"https:\/\/www.europesays.com\/fr\/wp-json\/wp\/v2\/tags?post=138174"}],"curies":[{"name":"wp","href":"https:\/\/api.w.org\/{rel}","templated":true}]}}