{"id":138180,"date":"2025-05-30T01:53:09","date_gmt":"2025-05-30T01:53:09","guid":{"rendered":"https:\/\/www.europesays.com\/fr\/138180\/"},"modified":"2025-05-30T01:53:09","modified_gmt":"2025-05-30T01:53:09","slug":"draper-eteint-le-volcan-monfils","status":"publish","type":"post","link":"https:\/\/www.europesays.com\/fr\/138180\/","title":{"rendered":"Draper \u00e9teint le volcan Monfils"},"content":{"rendered":"<p>Le v\u00e9t\u00e9ran fran\u00e7ais s\u2019est inclin\u00e9 contre le Britannique Jack Draper au 2e tour des Internationaux de France.<\/p>\n<p class=\"fig-paragraph\">Apr\u00e8s les frayeurs (une chute dans le 1er jeu apr\u00e8s un coup droit en bout de course et une glissade rest\u00e9e bloqu\u00e9e dans la terre battue) et la fureur d\u2019un 1er tour renversant contre Hugo Dellien,\u00a0<a href=\"http:\/\/www.lefigaro.fr\/sports\/tennis\/roland-garros\/roland-garros-au-bout-de-la-nuit-et-en-cinq-sets-monfils-qualifie-pour-le-deuxieme-tour-20250528\" data-fig-type=\"NewsFlash\" data-gtm-custom-categorie=\"navigation\" data-gtm-custom-action=\"crossclick\" data-gtm-custom-label=\"Contextuel\" data-gtm-event=\"customEventSPE\" data-fig-domain=\"LEFIGARO\" target=\"_blank\" rel=\"noopener\">Ga\u00ebl Monfils<\/a>\u00a0retrouvait, ce jeudi, la session de nuit. Face au Britannique Jack Draper (t\u00eate de s\u00e9rie n\u00b05), figure montante du circuit, titr\u00e9 \u00e0 Indian Wells. La marche \u00e9tait trop haute pour le v\u00e9t\u00e9ran fran\u00e7ais battu 6-3, 4-6, 6-3, 7-5.<\/p>\n<p class=\"fig-paragraph\">Si les questions au sujet de sa r\u00e9cup\u00e9ration, de sa facult\u00e9 \u00e0 lutter, durer l\u2019accompagnaient lors de son entr\u00e9e sur le court, le Fran\u00e7ais (38 ans ; 42e mondial) a, une nouvelle fois, fait preuve d\u2019enthousiasme, d\u2019engagement, avec une facult\u00e9 unique \u00e0 emporter un stade dans son sillage, notamment dans un 2e set travers\u00e9 de ses courses folles, de ses d\u00e9fenses impossibles, de ses passing-shots d\u2019enfer. Une manche pleine de bruit, de sourires, d\u2019envie. Monfils le marathonien voulait tout vivre, tout donner. Fid\u00e8le \u00e0 son go\u00fbt des grands rendez-vous (en d\u00e9but d\u2019ann\u00e9e, il avait \u00e9limin\u00e9 Taylor Fritz au 3e tour de l\u2019Open d\u2019Australie).<\/p>\n<p class=\"fig-paragraph\">Break\u00e9 rapidement dans le 3e set, Ga\u00ebl Monfils a cherch\u00e9 un second souffle, ramass\u00e9 quelques forces pour l\u00e2cher de spectaculaires coups victorieux, ravir le service de Draper et revenir \u00e0 3-2 dans le 3e set, allumer l\u2019espoir d\u2019une folle nuit.<\/p>\n<p class=\"fig-paragraph\">Monfils a encore fait la course en t\u00eate dans le 4e set, fait le break pour mener 4-2, s\u2019est amus\u00e9 d\u2019une balle de break sauv\u00e9e avec une balle rebondissant deux fois sur la bande du filet, a men\u00e9 5-2 et profit\u00e9 de quelques coups prodigieux pour laisser parler son sens du spectacle mais la solidit\u00e9 et la fra\u00eecheur de Draper ont fini par avoir raison de la volont\u00e9 et de la flamboyance d\u00e9ploy\u00e9es.<\/p>\n<p class=\"fig-paragraph\">Le Britannique a patiemment su \u00e9teindre le volcan. Monfils, un joueur taill\u00e9 pour embraser les sessions de nuit. Ainsi s\u2019est termin\u00e9 son 18e Roland-Garros (avec 40 victoires, autant que Yannick Noah) avec la ferveur du partage, le plaisir du jeu dont les spectateurs, conscients du temps qui passe, auraient aim\u00e9 profiter encore un peu.<\/p>\n<p class=\"fig-paragraph\">Au 3e tour, Jack Draper sera oppos\u00e9 \u00e0 la p\u00e9pite br\u00e9silienne Joao Fonseca qui a \u00e9limin\u00e9 Pierre-Hughes Herbert.<\/p>\n","protected":false},"excerpt":{"rendered":"Le v\u00e9t\u00e9ran fran\u00e7ais s\u2019est inclin\u00e9 contre le Britannique Jack Draper au 2e tour des Internationaux de France. Apr\u00e8s&hellip;\n","protected":false},"author":2,"featured_media":138181,"comment_status":"","ping_status":"","sticky":false,"template":"","format":"standard","meta":{"footnotes":""},"categories":[9],"tags":[4169,105,2199,1011,27,24473,1960,24472,4171,60,1467,4170],"class_list":{"0":"post-138180","1":"post","2":"type-post","3":"status-publish","4":"format-standard","5":"has-post-thumbnail","7":"category-sports","8":"tag-atp","9":"tag-djokovic","10":"tag-federer","11":"tag-fr","12":"tag-france","13":"tag-internationaux-de-france","14":"tag-nadal","15":"tag-rg","16":"tag-roland-garros","17":"tag-sports","18":"tag-tennis","19":"tag-wta"},"share_on_mastodon":{"url":"https:\/\/pubeurope.com\/@fr\/114594290362447929","error":""},"_links":{"self":[{"href":"https:\/\/www.europesays.com\/fr\/wp-json\/wp\/v2\/posts\/138180","targetHints":{"allow":["GET"]}}],"collection":[{"href":"https:\/\/www.europesays.com\/fr\/wp-json\/wp\/v2\/posts"}],"about":[{"href":"https:\/\/www.europesays.com\/fr\/wp-json\/wp\/v2\/types\/post"}],"author":[{"embeddable":true,"href":"https:\/\/www.europesays.com\/fr\/wp-json\/wp\/v2\/users\/2"}],"replies":[{"embeddable":true,"href":"https:\/\/www.europesays.com\/fr\/wp-json\/wp\/v2\/comments?post=138180"}],"version-history":[{"count":0,"href":"https:\/\/www.europesays.com\/fr\/wp-json\/wp\/v2\/posts\/138180\/revisions"}],"wp:featuredmedia":[{"embeddable":true,"href":"https:\/\/www.europesays.com\/fr\/wp-json\/wp\/v2\/media\/138181"}],"wp:attachment":[{"href":"https:\/\/www.europesays.com\/fr\/wp-json\/wp\/v2\/media?parent=138180"}],"wp:term":[{"taxonomy":"category","embeddable":true,"href":"https:\/\/www.europesays.com\/fr\/wp-json\/wp\/v2\/categories?post=138180"},{"taxonomy":"post_tag","embeddable":true,"href":"https:\/\/www.europesays.com\/fr\/wp-json\/wp\/v2\/tags?post=138180"}],"curies":[{"name":"wp","href":"https:\/\/api.w.org\/{rel}","templated":true}]}}