{"id":13819,"date":"2025-04-10T00:00:15","date_gmt":"2025-04-10T00:00:15","guid":{"rendered":"https:\/\/www.europesays.com\/fr\/13819\/"},"modified":"2025-04-10T00:00:15","modified_gmt":"2025-04-10T00:00:15","slug":"le-royaume-uni-va-retarder-linterdiction-de-ventes-des-moteurs-thermiques","status":"publish","type":"post","link":"https:\/\/www.europesays.com\/fr\/13819\/","title":{"rendered":"Le Royaume-Uni va retarder l&rsquo;interdiction de ventes des moteurs thermiques"},"content":{"rendered":"<p><strong>Auto &#8211; Le Royaume-Uni a annonc\u00e9 son intention de reporter \u00e0 2035 l&rsquo;interdiction de vente de voitures \u00e0 moteur thermique initialement pr\u00e9vue en 2030. Cela afin de permettre aux constructeurs de mieux se pr\u00e9parer \u00e0 la transition.<\/strong><\/p>\n<p>Le <a href=\"https:\/\/www.20minutes.fr\/monde\/royaume-uni\/\" rel=\"nofollow noopener\" target=\"_blank\" data-ylk=\"slk:Royaume-Uni;elm:context_link;itc:0;sec:content-canvas\" class=\"link \">Royaume-Uni<\/a> fait donc marche arri\u00e8re par rapport \u00e0 l&rsquo;annonce de <a href=\"https:\/\/www.20minutes.fr\/dossier\/boris_johnson\" rel=\"nofollow noopener\" target=\"_blank\" data-ylk=\"slk:Boris Johnson;elm:context_link;itc:0;sec:content-canvas\" class=\"link \">Boris Johnson<\/a> en 2020 d&rsquo;interdire la vente de voitures thermiques d\u00e8s 2030. A condition qu&rsquo;elles soient hybrides ou <a href=\"https:\/\/www.20minutes.fr\/economie\/auto\/voitures-hybrides\/\" rel=\"nofollow noopener\" target=\"_blank\" data-ylk=\"slk:hybrides;elm:context_link;itc:0;sec:content-canvas\" class=\"link \">hybrides <\/a>rechargeables, elles pourront d\u00e9sormais continuer leur carri\u00e8re jusqu&rsquo;en 2035. Seules les voitures purement essence ou <a href=\"https:\/\/www.20minutes.fr\/dossier\/diesel\" rel=\"nofollow noopener\" target=\"_blank\" data-ylk=\"slk:diesel;elm:context_link;itc:0;sec:content-canvas\" class=\"link \">diesel<\/a>, sans aucune assistance \u00e9lectrique seront donc concern\u00e9es en 2030, sauf dans les utilitaires, qui pourront \u00e9galement continuer \u00e0 \u00eatre vendus jusqu&rsquo;en 2035.<\/p>\n<p>Laisser du temps<\/p>\n<p>Face \u00e0 la voiture \u00e9lectrique qui peine \u00e0 s&rsquo;imposer durablement, notamment chez les particuliers, nombre de constructeurs ont d\u00e9j\u00e0 revu leurs plans et continuent \u00e0 d\u00e9velopper les moteurs thermiques \u00e9galement. Des d\u00e9veloppements parall\u00e8les qui co\u00fbtent cher. Et les nouvelles <a href=\"https:\/\/www.20minutes.fr\/dossier\/douane\" rel=\"nofollow noopener\" target=\"_blank\" data-ylk=\"slk:taxes douani\u00e8res;elm:context_link;itc:0;sec:content-canvas\" class=\"link \">taxes douani\u00e8res<\/a> impos\u00e9es par les <a href=\"https:\/\/www.20minutes.fr\/monde\/etats-unis\/\" rel=\"nofollow noopener\" target=\"_blank\" data-ylk=\"slk:Etats-Unis;elm:context_link;itc:0;sec:content-canvas\" class=\"link \">Etats-Unis<\/a> accentuent encore la pression sur leurs \u00e9paules, \u00e0 fortiori pour les constructeurs britanniques sp\u00e9cialis\u00e9s dans le luxe et le haut de gamme, qui r\u00e9alisent une part substantielle de leurs ventes outre-Atlantique. Les marques \u00e0 faible volume, comme <a href=\"https:\/\/www.20minutes.fr\/economie\/auto\/aston-martin\/\" rel=\"nofollow noopener\" target=\"_blank\" data-ylk=\"slk:Aston Martin;elm:context_link;itc:0;sec:content-canvas\" class=\"link \">Aston Martin<\/a>, <a href=\"https:\/\/www.20minutes.fr\/dossier\/mclaren\" rel=\"nofollow noopener\" target=\"_blank\" data-ylk=\"slk:McLaren;elm:context_link;itc:0;sec:content-canvas\" class=\"link \">McLaren<\/a> ou encore <a href=\"https:\/\/www.20minutes.fr\/economie\/auto\/bentley\/\" rel=\"nofollow noopener\" target=\"_blank\" data-ylk=\"slk:Bentley;elm:context_link;itc:0;sec:content-canvas\" class=\"link \">Bentley<\/a> seront par ailleurs exempt\u00e9es de quotas de <a href=\"https:\/\/www.20minutes.fr\/dossier\/voiture-electrique\" rel=\"nofollow noopener\" target=\"_blank\" data-ylk=\"slk:voitures \u00e9lectriques;elm:context_link;itc:0;sec:content-canvas\" class=\"link \">voitures \u00e9lectriques<\/a>, contrairement aux marques plus g\u00e9n\u00e9ralistes, qui devront donc r\u00e9aliser une part de leurs ventes en 100% \u00e9lectriques.<\/p>\n<p><a href=\"https:\/\/www.20minutes.fr\/auto\/4147837-20250409-royaume-uni-va-retarder-interdiction-ventes-moteurs-thermiques\" rel=\"nofollow noopener\" target=\"_blank\" data-ylk=\"slk:Lire la suite sur 20minutes;elm:context_link;itc:0;sec:content-canvas\" class=\"link \">Lire la suite sur 20minutes<\/a><\/p>\n<p>\u00c0 lire aussi :<br \/><a href=\"https:\/\/www.20minutes.fr\/auto\/4146434-20250402-giugiaro-donnent-lecon-design-tesla\" rel=\"nofollow noopener\" target=\"_blank\" data-ylk=\"slk:Les Giugiaro donnent une le\u00e7on de design \u00e0 Tesla;elm:context_link;itc:0;sec:content-canvas\" class=\"link \">Les Giugiaro donnent une le\u00e7on de design \u00e0 Tesla<\/a><br \/><a href=\"https:\/\/www.20minutes.fr\/auto\/4146656-20250403-ventes-hybrides-explosent-probleme\" rel=\"nofollow noopener\" target=\"_blank\" data-ylk=\"slk:Les ventes d\u2019hybrides explosent, et c\u2019est un probl\u00e8me;elm:context_link;itc:0;sec:content-canvas\" class=\"link \">Les ventes d\u2019hybrides explosent, et c\u2019est un probl\u00e8me<\/a><\/p>\n","protected":false},"excerpt":{"rendered":"Auto &#8211; Le Royaume-Uni a annonc\u00e9 son intention de reporter \u00e0 2035 l&rsquo;interdiction de vente de voitures \u00e0&hellip;\n","protected":false},"author":2,"featured_media":13820,"comment_status":"","ping_status":"","sticky":false,"template":"","format":"standard","meta":{"footnotes":""},"categories":[1588],"tags":[11,5356,1777,674,12,473,1853,1851,1850,1852,6103,321],"class_list":{"0":"post-13819","1":"post","2":"type-post","3":"status-publish","4":"format-standard","5":"has-post-thumbnail","7":"category-royaume-uni","8":"tag-actualites","9":"tag-boris-johnson","10":"tag-eu","11":"tag-europe","12":"tag-news","13":"tag-royaume-uni","14":"tag-royaume-uni-de-grande-bretagne-et-dirlande-du-nord","15":"tag-uk","16":"tag-united-kingdom","17":"tag-united-kingdom-of-great-britain-and-northern-ireland","18":"tag-vente-de-voitures","19":"tag-voiture-electrique"},"share_on_mastodon":{"url":"https:\/\/pubeurope.com\/@fr\/114310730412057037","error":""},"_links":{"self":[{"href":"https:\/\/www.europesays.com\/fr\/wp-json\/wp\/v2\/posts\/13819","targetHints":{"allow":["GET"]}}],"collection":[{"href":"https:\/\/www.europesays.com\/fr\/wp-json\/wp\/v2\/posts"}],"about":[{"href":"https:\/\/www.europesays.com\/fr\/wp-json\/wp\/v2\/types\/post"}],"author":[{"embeddable":true,"href":"https:\/\/www.europesays.com\/fr\/wp-json\/wp\/v2\/users\/2"}],"replies":[{"embeddable":true,"href":"https:\/\/www.europesays.com\/fr\/wp-json\/wp\/v2\/comments?post=13819"}],"version-history":[{"count":0,"href":"https:\/\/www.europesays.com\/fr\/wp-json\/wp\/v2\/posts\/13819\/revisions"}],"wp:featuredmedia":[{"embeddable":true,"href":"https:\/\/www.europesays.com\/fr\/wp-json\/wp\/v2\/media\/13820"}],"wp:attachment":[{"href":"https:\/\/www.europesays.com\/fr\/wp-json\/wp\/v2\/media?parent=13819"}],"wp:term":[{"taxonomy":"category","embeddable":true,"href":"https:\/\/www.europesays.com\/fr\/wp-json\/wp\/v2\/categories?post=13819"},{"taxonomy":"post_tag","embeddable":true,"href":"https:\/\/www.europesays.com\/fr\/wp-json\/wp\/v2\/tags?post=13819"}],"curies":[{"name":"wp","href":"https:\/\/api.w.org\/{rel}","templated":true}]}}